{"id":3786,"date":"2019-08-09T18:51:04","date_gmt":"2019-08-09T18:51:04","guid":{"rendered":"https:\/\/tv.utalca.cl\/?p=3786"},"modified":"2025-04-11T12:59:50","modified_gmt":"2025-04-11T16:59:50","slug":"talca-y-curico-entre-las-comunas-que-experimentaron-mayor-crecimiento-de-inmigrantes","status":"publish","type":"post","link":"https:\/\/tv.utalca.cl\/?p=3786","title":{"rendered":"Talca y Curic\u00f3 entre las comunas que experimentaron mayor crecimiento de inmigrantes"},"content":{"rendered":"<p>El informe del INE, permiti\u00f3 identificar adem\u00e1s la cantidad de poblaci\u00f3n extranjera que reside en el pa\u00eds, en el Maule actualmente viven poco m\u00e1s de 34 mil personas extranjeras.<\/p>\n","protected":false},"excerpt":{"rendered":"<p>El informe del INE, permiti\u00f3 identificar adem\u00e1s la cantidad de poblaci\u00f3n extranjera que reside en el pa\u00eds, en el Maule actualmente viven poco m\u00e1s de 34 mil personas extranjeras.<\/p>\n","protected":false},"author":1,"featured_media":3787,"comment_status":"closed","ping_status":"open","sticky":false,"template":"","format":"video","meta":{"om_disable_all_campaigns":false,"_monsterinsights_skip_tracking":false,"_monsterinsights_sitenote_active":false,"_monsterinsights_sitenote_note":"","_monsterinsights_sitenote_category":0,"footnotes":""},"categories":[93,92],"tags":[113,662,220,241,219,81,239,70],"class_list":["post-3786","post","type-post","status-publish","format-video","has-post-thumbnail","hentry","category-noticias","category-utalcatv-informa","tag-curico","tag-ine","tag-inmigrantes","tag-maule","tag-migrantes","tag-region-del-maule","tag-talca","tag-utalca","post_format-post-format-video","slider-tags-campustv-informa","slider-tags-slider","slider-tags-titular"],"aioseo_notices":[],"_links":{"self":[{"href":"https:\/\/tv.utalca.cl\/index.php?rest_route=\/wp\/v2\/posts\/3786","targetHints":{"allow":["GET"]}}],"collection":[{"href":"https:\/\/tv.utalca.cl\/index.php?rest_route=\/wp\/v2\/posts"}],"about":[{"href":"https:\/\/tv.utalca.cl\/index.php?rest_route=\/wp\/v2\/types\/post"}],"author":[{"embeddable":true,"href":"https:\/\/tv.utalca.cl\/index.php?rest_route=\/wp\/v2\/users\/1"}],"replies":[{"embeddable":true,"href":"https:\/\/tv.utalca.cl\/index.php?rest_route=%2Fwp%2Fv2%2Fcomments&post=3786"}],"version-history":[{"count":1,"href":"https:\/\/tv.utalca.cl\/index.php?rest_route=\/wp\/v2\/posts\/3786\/revisions"}],"predecessor-version":[{"id":3788,"href":"https:\/\/tv.utalca.cl\/index.php?rest_route=\/wp\/v2\/posts\/3786\/revisions\/3788"}],"wp:featuredmedia":[{"embeddable":true,"href":"https:\/\/tv.utalca.cl\/index.php?rest_route=\/wp\/v2\/media\/3787"}],"wp:attachment":[{"href":"https:\/\/tv.utalca.cl\/index.php?rest_route=%2Fwp%2Fv2%2Fmedia&parent=3786"}],"wp:term":[{"taxonomy":"category","embeddable":true,"href":"https:\/\/tv.utalca.cl\/index.php?rest_route=%2Fwp%2Fv2%2Fcategories&post=3786"},{"taxonomy":"post_tag","embeddable":true,"href":"https:\/\/tv.utalca.cl\/index.php?rest_route=%2Fwp%2Fv2%2Ftags&post=3786"}],"curies":[{"name":"wp","href":"https:\/\/api.w.org\/{rel}","templated":true}]}}