{"id":3807,"date":"2019-08-14T15:09:50","date_gmt":"2019-08-14T15:09:50","guid":{"rendered":"https:\/\/tv.utalca.cl\/?p=3807"},"modified":"2025-04-11T12:59:50","modified_gmt":"2025-04-11T16:59:50","slug":"estudiantes-de-la-utalca-crean-software-inclusivo","status":"publish","type":"post","link":"https:\/\/tv.utalca.cl\/?p=3807","title":{"rendered":"Estudiantes de la UTalca crean software inclusivo"},"content":{"rendered":"<p>La iniciativa permitir\u00e1 mejorar la gesti\u00f3n que realiza el programa de inclusi\u00f3n con los estudiantes que tienen discapacidad.<\/p>\n","protected":false},"excerpt":{"rendered":"<p>La iniciativa permitir\u00e1 mejorar la gesti\u00f3n que realiza el programa de inclusi\u00f3n con los estudiantes que tienen discapacidad.<\/p>\n","protected":false},"author":1,"featured_media":3808,"comment_status":"closed","ping_status":"open","sticky":false,"template":"","format":"video","meta":{"om_disable_all_campaigns":false,"_monsterinsights_skip_tracking":false,"_monsterinsights_sitenote_active":false,"_monsterinsights_sitenote_note":"","_monsterinsights_sitenote_category":0,"footnotes":""},"categories":[93,92],"tags":[94,358,983,982,70],"class_list":["post-3807","post","type-post","status-publish","format-video","has-post-thumbnail","hentry","category-noticias","category-utalcatv-informa","tag-campustv-informa","tag-discapacidad","tag-inclusivo","tag-software-inclusivo","tag-utalca","post_format-post-format-video","slider-tags-campustv-informa","slider-tags-slider","slider-tags-titular"],"aioseo_notices":[],"_links":{"self":[{"href":"https:\/\/tv.utalca.cl\/index.php?rest_route=\/wp\/v2\/posts\/3807","targetHints":{"allow":["GET"]}}],"collection":[{"href":"https:\/\/tv.utalca.cl\/index.php?rest_route=\/wp\/v2\/posts"}],"about":[{"href":"https:\/\/tv.utalca.cl\/index.php?rest_route=\/wp\/v2\/types\/post"}],"author":[{"embeddable":true,"href":"https:\/\/tv.utalca.cl\/index.php?rest_route=\/wp\/v2\/users\/1"}],"replies":[{"embeddable":true,"href":"https:\/\/tv.utalca.cl\/index.php?rest_route=%2Fwp%2Fv2%2Fcomments&post=3807"}],"version-history":[{"count":1,"href":"https:\/\/tv.utalca.cl\/index.php?rest_route=\/wp\/v2\/posts\/3807\/revisions"}],"predecessor-version":[{"id":3809,"href":"https:\/\/tv.utalca.cl\/index.php?rest_route=\/wp\/v2\/posts\/3807\/revisions\/3809"}],"wp:featuredmedia":[{"embeddable":true,"href":"https:\/\/tv.utalca.cl\/index.php?rest_route=\/wp\/v2\/media\/3808"}],"wp:attachment":[{"href":"https:\/\/tv.utalca.cl\/index.php?rest_route=%2Fwp%2Fv2%2Fmedia&parent=3807"}],"wp:term":[{"taxonomy":"category","embeddable":true,"href":"https:\/\/tv.utalca.cl\/index.php?rest_route=%2Fwp%2Fv2%2Fcategories&post=3807"},{"taxonomy":"post_tag","embeddable":true,"href":"https:\/\/tv.utalca.cl\/index.php?rest_route=%2Fwp%2Fv2%2Ftags&post=3807"}],"curies":[{"name":"wp","href":"https:\/\/api.w.org\/{rel}","templated":true}]}}