{"id":3820,"date":"2019-08-20T18:57:19","date_gmt":"2019-08-20T18:57:19","guid":{"rendered":"https:\/\/tv.utalca.cl\/?p=3820"},"modified":"2025-04-11T12:59:49","modified_gmt":"2025-04-11T16:59:49","slug":"adultos-mayores-y-personas-con-discapacidad-recibiran-atencion-preferente-en-salud","status":"publish","type":"post","link":"https:\/\/tv.utalca.cl\/?p=3820","title":{"rendered":"Adultos mayores y personas con discapacidad recibir\u00e1n atenci\u00f3n preferente en salud"},"content":{"rendered":"<p>Consultas, toma de ex\u00e1menes y entrega de medicamentos son algunos de los beneficios, la normativa legal que establece esta medida comenzar\u00e1 a regir a principios del 2020. \u200b<\/p>\n","protected":false},"excerpt":{"rendered":"<p>Consultas, toma de ex\u00e1menes y entrega de medicamentos son algunos de los beneficios, la normativa legal que establece esta medida comenzar\u00e1 a regir a principios del 2020. \u200b<\/p>\n","protected":false},"author":1,"featured_media":3821,"comment_status":"closed","ping_status":"open","sticky":false,"template":"","format":"video","meta":{"om_disable_all_campaigns":false,"_monsterinsights_skip_tracking":false,"_monsterinsights_sitenote_active":false,"_monsterinsights_sitenote_note":"","_monsterinsights_sitenote_category":0,"footnotes":""},"categories":[93,92],"tags":[68,987,94,988,358,56,277],"class_list":["post-3820","post","type-post","status-publish","format-video","has-post-thumbnail","hentry","category-noticias","category-utalcatv-informa","tag-adultos-mayores","tag-atencion-primaria","tag-campustv-informa","tag-capacidades-diferentes","tag-discapacidad","tag-salud","tag-tercera-edad","post_format-post-format-video","slider-tags-campustv-informa","slider-tags-slider","slider-tags-titular"],"aioseo_notices":[],"_links":{"self":[{"href":"https:\/\/tv.utalca.cl\/index.php?rest_route=\/wp\/v2\/posts\/3820","targetHints":{"allow":["GET"]}}],"collection":[{"href":"https:\/\/tv.utalca.cl\/index.php?rest_route=\/wp\/v2\/posts"}],"about":[{"href":"https:\/\/tv.utalca.cl\/index.php?rest_route=\/wp\/v2\/types\/post"}],"author":[{"embeddable":true,"href":"https:\/\/tv.utalca.cl\/index.php?rest_route=\/wp\/v2\/users\/1"}],"replies":[{"embeddable":true,"href":"https:\/\/tv.utalca.cl\/index.php?rest_route=%2Fwp%2Fv2%2Fcomments&post=3820"}],"version-history":[{"count":1,"href":"https:\/\/tv.utalca.cl\/index.php?rest_route=\/wp\/v2\/posts\/3820\/revisions"}],"predecessor-version":[{"id":3822,"href":"https:\/\/tv.utalca.cl\/index.php?rest_route=\/wp\/v2\/posts\/3820\/revisions\/3822"}],"wp:featuredmedia":[{"embeddable":true,"href":"https:\/\/tv.utalca.cl\/index.php?rest_route=\/wp\/v2\/media\/3821"}],"wp:attachment":[{"href":"https:\/\/tv.utalca.cl\/index.php?rest_route=%2Fwp%2Fv2%2Fmedia&parent=3820"}],"wp:term":[{"taxonomy":"category","embeddable":true,"href":"https:\/\/tv.utalca.cl\/index.php?rest_route=%2Fwp%2Fv2%2Fcategories&post=3820"},{"taxonomy":"post_tag","embeddable":true,"href":"https:\/\/tv.utalca.cl\/index.php?rest_route=%2Fwp%2Fv2%2Ftags&post=3820"}],"curies":[{"name":"wp","href":"https:\/\/api.w.org\/{rel}","templated":true}]}}