{"id":3826,"date":"2019-08-22T21:07:59","date_gmt":"2019-08-22T21:07:59","guid":{"rendered":"https:\/\/tv.utalca.cl\/?p=3826"},"modified":"2025-04-11T12:59:49","modified_gmt":"2025-04-11T16:59:49","slug":"conciertos-talleres-y-charlas-han-sido-parte-de-las-jornadas-musicales-de-invierno","status":"publish","type":"post","link":"https:\/\/tv.utalca.cl\/?p=3826","title":{"rendered":"Conciertos, talleres y charlas han sido parte de las Jornadas Musicales de Invierno"},"content":{"rendered":"<p>La Escuela de M\u00fasica de la UTalca est\u00e1 desarrollando la tercera versi\u00f3n de esta iniciativa que se extender\u00e1 hasta el 31 de agosto.<\/p>\n","protected":false},"excerpt":{"rendered":"<p>La Escuela de M\u00fasica de la UTalca est\u00e1 desarrollando la tercera versi\u00f3n de esta iniciativa que se extender\u00e1 hasta el 31 de agosto.<\/p>\n","protected":false},"author":1,"featured_media":3827,"comment_status":"closed","ping_status":"open","sticky":false,"template":"","format":"video","meta":{"om_disable_all_campaigns":false,"_monsterinsights_skip_tracking":false,"_monsterinsights_sitenote_active":false,"_monsterinsights_sitenote_note":"","_monsterinsights_sitenote_category":0,"footnotes":""},"categories":[93,92],"tags":[94,116,131,990,70],"class_list":["post-3826","post","type-post","status-publish","format-video","has-post-thumbnail","hentry","category-noticias","category-utalcatv-informa","tag-campustv-informa","tag-escuela-de-musica","tag-musica","tag-talleres","tag-utalca","post_format-post-format-video","slider-tags-campustv-informa","slider-tags-slider","slider-tags-titular"],"aioseo_notices":[],"_links":{"self":[{"href":"https:\/\/tv.utalca.cl\/index.php?rest_route=\/wp\/v2\/posts\/3826","targetHints":{"allow":["GET"]}}],"collection":[{"href":"https:\/\/tv.utalca.cl\/index.php?rest_route=\/wp\/v2\/posts"}],"about":[{"href":"https:\/\/tv.utalca.cl\/index.php?rest_route=\/wp\/v2\/types\/post"}],"author":[{"embeddable":true,"href":"https:\/\/tv.utalca.cl\/index.php?rest_route=\/wp\/v2\/users\/1"}],"replies":[{"embeddable":true,"href":"https:\/\/tv.utalca.cl\/index.php?rest_route=%2Fwp%2Fv2%2Fcomments&post=3826"}],"version-history":[{"count":1,"href":"https:\/\/tv.utalca.cl\/index.php?rest_route=\/wp\/v2\/posts\/3826\/revisions"}],"predecessor-version":[{"id":3828,"href":"https:\/\/tv.utalca.cl\/index.php?rest_route=\/wp\/v2\/posts\/3826\/revisions\/3828"}],"wp:featuredmedia":[{"embeddable":true,"href":"https:\/\/tv.utalca.cl\/index.php?rest_route=\/wp\/v2\/media\/3827"}],"wp:attachment":[{"href":"https:\/\/tv.utalca.cl\/index.php?rest_route=%2Fwp%2Fv2%2Fmedia&parent=3826"}],"wp:term":[{"taxonomy":"category","embeddable":true,"href":"https:\/\/tv.utalca.cl\/index.php?rest_route=%2Fwp%2Fv2%2Fcategories&post=3826"},{"taxonomy":"post_tag","embeddable":true,"href":"https:\/\/tv.utalca.cl\/index.php?rest_route=%2Fwp%2Fv2%2Ftags&post=3826"}],"curies":[{"name":"wp","href":"https:\/\/api.w.org\/{rel}","templated":true}]}}