{"id":3836,"date":"2019-08-23T22:27:54","date_gmt":"2019-08-23T22:27:54","guid":{"rendered":"https:\/\/tv.utalca.cl\/?p=3836"},"modified":"2025-04-11T12:59:49","modified_gmt":"2025-04-11T16:59:49","slug":"seminario-analizo-los-efectos-del-cambio-climatico","status":"publish","type":"post","link":"https:\/\/tv.utalca.cl\/?p=3836","title":{"rendered":"Seminario analiz\u00f3 los efectos del cambio clim\u00e1tico"},"content":{"rendered":"<p>En diciembre de este a\u00f1o Chile ser\u00e1 sede de la \u201cCOP 25\u201d, cumbre que analiza este fen\u00f3meno, para abordar los desaf\u00edos que enfrenta el pa\u00eds en esta materia la UTalca y la UCM organizaron un importante evento que reuni\u00f3 a especialistas y a actores del mundo pol\u00edtico. \u200b<\/p>\n","protected":false},"excerpt":{"rendered":"<p>En diciembre de este a\u00f1o Chile ser\u00e1 sede de la \u201cCOP 25\u201d, cumbre que analiza este fen\u00f3meno, para abordar los desaf\u00edos que enfrenta el pa\u00eds en esta materia la UTalca y la UCM organizaron un importante evento que reuni\u00f3 a especialistas y a actores del mundo pol\u00edtico. \u200b<\/p>\n","protected":false},"author":1,"featured_media":3837,"comment_status":"closed","ping_status":"open","sticky":false,"template":"","format":"video","meta":{"om_disable_all_campaigns":false,"_monsterinsights_skip_tracking":false,"_monsterinsights_sitenote_active":false,"_monsterinsights_sitenote_note":"","_monsterinsights_sitenote_category":0,"footnotes":""},"categories":[93,92],"tags":[172,991,992,993,994,995,81,70],"class_list":["post-3836","post","type-post","status-publish","format-video","has-post-thumbnail","hentry","category-noticias","category-utalcatv-informa","tag-cambio-climatico","tag-cop25","tag-cop25-maule","tag-cop25maule","tag-giorgio-jackson","tag-jose-antonio-coloma","tag-region-del-maule","tag-utalca","post_format-post-format-video","slider-tags-campustv-informa","slider-tags-slider","slider-tags-titular"],"aioseo_notices":[],"_links":{"self":[{"href":"https:\/\/tv.utalca.cl\/index.php?rest_route=\/wp\/v2\/posts\/3836","targetHints":{"allow":["GET"]}}],"collection":[{"href":"https:\/\/tv.utalca.cl\/index.php?rest_route=\/wp\/v2\/posts"}],"about":[{"href":"https:\/\/tv.utalca.cl\/index.php?rest_route=\/wp\/v2\/types\/post"}],"author":[{"embeddable":true,"href":"https:\/\/tv.utalca.cl\/index.php?rest_route=\/wp\/v2\/users\/1"}],"replies":[{"embeddable":true,"href":"https:\/\/tv.utalca.cl\/index.php?rest_route=%2Fwp%2Fv2%2Fcomments&post=3836"}],"version-history":[{"count":1,"href":"https:\/\/tv.utalca.cl\/index.php?rest_route=\/wp\/v2\/posts\/3836\/revisions"}],"predecessor-version":[{"id":3838,"href":"https:\/\/tv.utalca.cl\/index.php?rest_route=\/wp\/v2\/posts\/3836\/revisions\/3838"}],"wp:featuredmedia":[{"embeddable":true,"href":"https:\/\/tv.utalca.cl\/index.php?rest_route=\/wp\/v2\/media\/3837"}],"wp:attachment":[{"href":"https:\/\/tv.utalca.cl\/index.php?rest_route=%2Fwp%2Fv2%2Fmedia&parent=3836"}],"wp:term":[{"taxonomy":"category","embeddable":true,"href":"https:\/\/tv.utalca.cl\/index.php?rest_route=%2Fwp%2Fv2%2Fcategories&post=3836"},{"taxonomy":"post_tag","embeddable":true,"href":"https:\/\/tv.utalca.cl\/index.php?rest_route=%2Fwp%2Fv2%2Ftags&post=3836"}],"curies":[{"name":"wp","href":"https:\/\/api.w.org\/{rel}","templated":true}]}}