{"id":3846,"date":"2019-08-26T22:58:14","date_gmt":"2019-08-26T22:58:14","guid":{"rendered":"https:\/\/tv.utalca.cl\/?p=3846"},"modified":"2025-04-11T12:59:48","modified_gmt":"2025-04-11T16:59:48","slug":"ciclovias-de-talca-registraron-17-millones-de-viajes","status":"publish","type":"post","link":"https:\/\/tv.utalca.cl\/?p=3846","title":{"rendered":"Ciclov\u00edas de Talca registraron 1,7 millones de viajes"},"content":{"rendered":"<p>La capital regional del Maule es una de las ciudades donde m\u00e1s se utiliza la bicicleta como medio de transporte.Para obtener esa estad\u00edstica, el Minvu instal\u00f3 9 contadores de bicicletas en estas rutas, esto permite medir el flujo diario de los ciclistas.<\/p>\n","protected":false},"excerpt":{"rendered":"<p>La capital regional del Maule es una de las ciudades donde m\u00e1s se utiliza la bicicleta como medio de transporte.Para obtener esa estad\u00edstica, el Minvu instal\u00f3 9 contadores de bicicletas en estas rutas, esto permite medir el flujo diario de los ciclistas.<\/p>\n","protected":false},"author":1,"featured_media":3848,"comment_status":"closed","ping_status":"open","sticky":false,"template":"","format":"video","meta":{"om_disable_all_campaigns":false,"_monsterinsights_skip_tracking":false,"_monsterinsights_sitenote_active":false,"_monsterinsights_sitenote_note":"","_monsterinsights_sitenote_category":0,"footnotes":""},"categories":[93,92],"tags":[564,621,94,998,619,615,241,81,239],"class_list":["post-3846","post","type-post","status-publish","format-video","has-post-thumbnail","hentry","category-noticias","category-utalcatv-informa","tag-autos","tag-bicicletas","tag-campustv-informa","tag-chile","tag-ciclistas","tag-ciclovias","tag-maule","tag-region-del-maule","tag-talca","post_format-post-format-video","slider-tags-campustv-informa","slider-tags-slider","slider-tags-titular"],"aioseo_notices":[],"_links":{"self":[{"href":"https:\/\/tv.utalca.cl\/index.php?rest_route=\/wp\/v2\/posts\/3846","targetHints":{"allow":["GET"]}}],"collection":[{"href":"https:\/\/tv.utalca.cl\/index.php?rest_route=\/wp\/v2\/posts"}],"about":[{"href":"https:\/\/tv.utalca.cl\/index.php?rest_route=\/wp\/v2\/types\/post"}],"author":[{"embeddable":true,"href":"https:\/\/tv.utalca.cl\/index.php?rest_route=\/wp\/v2\/users\/1"}],"replies":[{"embeddable":true,"href":"https:\/\/tv.utalca.cl\/index.php?rest_route=%2Fwp%2Fv2%2Fcomments&post=3846"}],"version-history":[{"count":1,"href":"https:\/\/tv.utalca.cl\/index.php?rest_route=\/wp\/v2\/posts\/3846\/revisions"}],"predecessor-version":[{"id":3847,"href":"https:\/\/tv.utalca.cl\/index.php?rest_route=\/wp\/v2\/posts\/3846\/revisions\/3847"}],"wp:featuredmedia":[{"embeddable":true,"href":"https:\/\/tv.utalca.cl\/index.php?rest_route=\/wp\/v2\/media\/3848"}],"wp:attachment":[{"href":"https:\/\/tv.utalca.cl\/index.php?rest_route=%2Fwp%2Fv2%2Fmedia&parent=3846"}],"wp:term":[{"taxonomy":"category","embeddable":true,"href":"https:\/\/tv.utalca.cl\/index.php?rest_route=%2Fwp%2Fv2%2Fcategories&post=3846"},{"taxonomy":"post_tag","embeddable":true,"href":"https:\/\/tv.utalca.cl\/index.php?rest_route=%2Fwp%2Fv2%2Ftags&post=3846"}],"curies":[{"name":"wp","href":"https:\/\/api.w.org\/{rel}","templated":true}]}}