{"id":3874,"date":"2019-09-03T19:04:42","date_gmt":"2019-09-03T19:04:42","guid":{"rendered":"https:\/\/tv.utalca.cl\/?p=3874"},"modified":"2025-10-02T10:17:50","modified_gmt":"2025-10-02T13:17:50","slug":"entrevista-a-catalina-parot-presidenta-cntv","status":"publish","type":"post","link":"https:\/\/tv.utalca.cl\/?p=3874","title":{"rendered":"Entrevista CAMPUSTV Informa: Catalina Parot, presidenta CNTV"},"content":{"rendered":"<p>En el segundo bloque de nuestro noticiario revisa la entrevista realizada a la presidenta del Consejo Nacional de Televisi\u00f3n, con quien hablamos sobre la Televisi\u00f3n Digital en la Regi\u00f3n del Maule.<\/p>\n","protected":false},"excerpt":{"rendered":"<p>En el segundo bloque de nuestro noticiario revisa la entrevista realizada a la presidenta del Consejo Nacional de Televisi\u00f3n, con quien hablamos sobre la Televisi\u00f3n Digital en la Regi\u00f3n del Maule.<\/p>\n","protected":false},"author":1,"featured_media":3876,"comment_status":"closed","ping_status":"open","sticky":false,"template":"","format":"video","meta":{"om_disable_all_campaigns":false,"_monsterinsights_skip_tracking":false,"_monsterinsights_sitenote_active":false,"_monsterinsights_sitenote_note":"","_monsterinsights_sitenote_category":0,"footnotes":""},"categories":[1971,2334,1152],"tags":[620,94,1016,1013,1014,1012,1011],"class_list":["post-3874","post","type-post","status-publish","format-video","has-post-thumbnail","hentry","category-entrevistas-campustv","category-videos-corporativos","category-videos-utalca","tag-campustv","tag-campustv-informa","tag-catalina-parot","tag-cntv","tag-consejo-nacional-de-television","tag-television-digital","tag-tvd","post_format-post-format-video","slider-tags-campustv-informa","slider-tags-slider","slider-tags-titular"],"aioseo_notices":[],"_links":{"self":[{"href":"https:\/\/tv.utalca.cl\/index.php?rest_route=\/wp\/v2\/posts\/3874","targetHints":{"allow":["GET"]}}],"collection":[{"href":"https:\/\/tv.utalca.cl\/index.php?rest_route=\/wp\/v2\/posts"}],"about":[{"href":"https:\/\/tv.utalca.cl\/index.php?rest_route=\/wp\/v2\/types\/post"}],"author":[{"embeddable":true,"href":"https:\/\/tv.utalca.cl\/index.php?rest_route=\/wp\/v2\/users\/1"}],"replies":[{"embeddable":true,"href":"https:\/\/tv.utalca.cl\/index.php?rest_route=%2Fwp%2Fv2%2Fcomments&post=3874"}],"version-history":[{"count":2,"href":"https:\/\/tv.utalca.cl\/index.php?rest_route=\/wp\/v2\/posts\/3874\/revisions"}],"predecessor-version":[{"id":3878,"href":"https:\/\/tv.utalca.cl\/index.php?rest_route=\/wp\/v2\/posts\/3874\/revisions\/3878"}],"wp:featuredmedia":[{"embeddable":true,"href":"https:\/\/tv.utalca.cl\/index.php?rest_route=\/wp\/v2\/media\/3876"}],"wp:attachment":[{"href":"https:\/\/tv.utalca.cl\/index.php?rest_route=%2Fwp%2Fv2%2Fmedia&parent=3874"}],"wp:term":[{"taxonomy":"category","embeddable":true,"href":"https:\/\/tv.utalca.cl\/index.php?rest_route=%2Fwp%2Fv2%2Fcategories&post=3874"},{"taxonomy":"post_tag","embeddable":true,"href":"https:\/\/tv.utalca.cl\/index.php?rest_route=%2Fwp%2Fv2%2Ftags&post=3874"}],"curies":[{"name":"wp","href":"https:\/\/api.w.org\/{rel}","templated":true}]}}