{"id":3893,"date":"2019-09-06T14:12:10","date_gmt":"2019-09-06T14:12:10","guid":{"rendered":"https:\/\/tv.utalca.cl\/?p=3893"},"modified":"2025-04-11T12:59:48","modified_gmt":"2025-04-11T16:59:48","slug":"como-afecta-emocionalmente-la-llegada-de-la-primavera","status":"publish","type":"post","link":"https:\/\/tv.utalca.cl\/?p=3893","title":{"rendered":"\u00bfC\u00f3mo afecta emocionalmente la llegada de la primavera?"},"content":{"rendered":"<p>Experta de la UTalca analiza los cambios que experimentan las personas, mientras unos se sienten con m\u00e1s energ\u00eda, hay quienes sufren depresi\u00f3n estacional.<\/p>\n","protected":false},"excerpt":{"rendered":"<p>Experta de la UTalca analiza los cambios que experimentan las personas, mientras unos se sienten con m\u00e1s energ\u00eda, hay quienes sufren depresi\u00f3n estacional.<\/p>\n","protected":false},"author":1,"featured_media":3902,"comment_status":"closed","ping_status":"open","sticky":false,"template":"","format":"video","meta":{"om_disable_all_campaigns":false,"_monsterinsights_skip_tracking":false,"_monsterinsights_sitenote_active":false,"_monsterinsights_sitenote_note":"","_monsterinsights_sitenote_category":0,"footnotes":""},"categories":[93,92],"tags":[1021,588,1020,70],"class_list":["post-3893","post","type-post","status-publish","format-video","has-post-thumbnail","hentry","category-noticias","category-utalcatv-informa","tag-alergias","tag-cambio-de-hora","tag-primavera","tag-utalca","post_format-post-format-video","slider-tags-campustv-informa","slider-tags-slider","slider-tags-titular"],"aioseo_notices":[],"_links":{"self":[{"href":"https:\/\/tv.utalca.cl\/index.php?rest_route=\/wp\/v2\/posts\/3893","targetHints":{"allow":["GET"]}}],"collection":[{"href":"https:\/\/tv.utalca.cl\/index.php?rest_route=\/wp\/v2\/posts"}],"about":[{"href":"https:\/\/tv.utalca.cl\/index.php?rest_route=\/wp\/v2\/types\/post"}],"author":[{"embeddable":true,"href":"https:\/\/tv.utalca.cl\/index.php?rest_route=\/wp\/v2\/users\/1"}],"replies":[{"embeddable":true,"href":"https:\/\/tv.utalca.cl\/index.php?rest_route=%2Fwp%2Fv2%2Fcomments&post=3893"}],"version-history":[{"count":1,"href":"https:\/\/tv.utalca.cl\/index.php?rest_route=\/wp\/v2\/posts\/3893\/revisions"}],"predecessor-version":[{"id":3895,"href":"https:\/\/tv.utalca.cl\/index.php?rest_route=\/wp\/v2\/posts\/3893\/revisions\/3895"}],"wp:featuredmedia":[{"embeddable":true,"href":"https:\/\/tv.utalca.cl\/index.php?rest_route=\/wp\/v2\/media\/3902"}],"wp:attachment":[{"href":"https:\/\/tv.utalca.cl\/index.php?rest_route=%2Fwp%2Fv2%2Fmedia&parent=3893"}],"wp:term":[{"taxonomy":"category","embeddable":true,"href":"https:\/\/tv.utalca.cl\/index.php?rest_route=%2Fwp%2Fv2%2Fcategories&post=3893"},{"taxonomy":"post_tag","embeddable":true,"href":"https:\/\/tv.utalca.cl\/index.php?rest_route=%2Fwp%2Fv2%2Ftags&post=3893"}],"curies":[{"name":"wp","href":"https:\/\/api.w.org\/{rel}","templated":true}]}}