{"id":3966,"date":"2019-09-25T14:34:21","date_gmt":"2019-09-25T14:34:21","guid":{"rendered":"https:\/\/tv.utalca.cl\/?p=3966"},"modified":"2025-04-11T12:59:46","modified_gmt":"2025-04-11T16:59:46","slug":"seminario-el-maule-hacia-la-cop25","status":"publish","type":"post","link":"https:\/\/tv.utalca.cl\/?p=3966","title":{"rendered":"Seminario Cambio Clim\u00e1tico: &#8220;El Maule hacia la COP25&#8221;"},"content":{"rendered":"<p>En diciembre de este a\u00f1o Chile ser\u00e1 sede de la \u201cCOP 25\u201d, cumbre que analiza este fen\u00f3meno. Para abordar los desaf\u00edos que enfrenta el pa\u00eds en esta materia la UTalca y la UCM organizaron un importante evento que reuni\u00f3 a especialistas y actores del mundo pol\u00edtico.<\/p>\n","protected":false},"excerpt":{"rendered":"<p>En diciembre de este a\u00f1o Chile ser\u00e1 sede de la \u201cCOP 25\u201d, cumbre que analiza este fen\u00f3meno. Para abordar los desaf\u00edos que enfrenta el pa\u00eds en esta materia la UTalca y la UCM organizaron un importante evento que reuni\u00f3 a especialistas y actores del mundo pol\u00edtico.<\/p>\n","protected":false},"author":1,"featured_media":3967,"comment_status":"closed","ping_status":"open","sticky":false,"template":"","format":"video","meta":{"om_disable_all_campaigns":false,"_monsterinsights_skip_tracking":false,"_monsterinsights_sitenote_active":false,"_monsterinsights_sitenote_note":"","_monsterinsights_sitenote_category":0,"footnotes":""},"categories":[577,112],"tags":[1055,991,992,994,239,70],"class_list":["post-3966","post","type-post","status-publish","format-video","has-post-thumbnail","hentry","category-especiales-utalcatv","category-programa","tag-andrea-obaid","tag-cop25","tag-cop25-maule","tag-giorgio-jackson","tag-talca","tag-utalca","post_format-post-format-video","slider-tags-especiales-campustv"],"aioseo_notices":[],"_links":{"self":[{"href":"https:\/\/tv.utalca.cl\/index.php?rest_route=\/wp\/v2\/posts\/3966","targetHints":{"allow":["GET"]}}],"collection":[{"href":"https:\/\/tv.utalca.cl\/index.php?rest_route=\/wp\/v2\/posts"}],"about":[{"href":"https:\/\/tv.utalca.cl\/index.php?rest_route=\/wp\/v2\/types\/post"}],"author":[{"embeddable":true,"href":"https:\/\/tv.utalca.cl\/index.php?rest_route=\/wp\/v2\/users\/1"}],"replies":[{"embeddable":true,"href":"https:\/\/tv.utalca.cl\/index.php?rest_route=%2Fwp%2Fv2%2Fcomments&post=3966"}],"version-history":[{"count":3,"href":"https:\/\/tv.utalca.cl\/index.php?rest_route=\/wp\/v2\/posts\/3966\/revisions"}],"predecessor-version":[{"id":3970,"href":"https:\/\/tv.utalca.cl\/index.php?rest_route=\/wp\/v2\/posts\/3966\/revisions\/3970"}],"wp:featuredmedia":[{"embeddable":true,"href":"https:\/\/tv.utalca.cl\/index.php?rest_route=\/wp\/v2\/media\/3967"}],"wp:attachment":[{"href":"https:\/\/tv.utalca.cl\/index.php?rest_route=%2Fwp%2Fv2%2Fmedia&parent=3966"}],"wp:term":[{"taxonomy":"category","embeddable":true,"href":"https:\/\/tv.utalca.cl\/index.php?rest_route=%2Fwp%2Fv2%2Fcategories&post=3966"},{"taxonomy":"post_tag","embeddable":true,"href":"https:\/\/tv.utalca.cl\/index.php?rest_route=%2Fwp%2Fv2%2Ftags&post=3966"}],"curies":[{"name":"wp","href":"https:\/\/api.w.org\/{rel}","templated":true}]}}