{"id":3996,"date":"2019-09-30T21:13:43","date_gmt":"2019-09-30T21:13:43","guid":{"rendered":"https:\/\/tv.utalca.cl\/?p=3996"},"modified":"2025-04-11T12:59:45","modified_gmt":"2025-04-11T16:59:45","slug":"alumnos-de-la-utalca-recibieron-certificacion-como-monitores-en-prevencion-de-violencia-de-genero","status":"publish","type":"post","link":"https:\/\/tv.utalca.cl\/?p=3996","title":{"rendered":"Alumnos de la UTalca recibieron certificaci\u00f3n como monitores en prevenci\u00f3n de violencia de g\u00e9nero"},"content":{"rendered":"<p>Capacitaci\u00f3n, realizada por el Sernameg y esta Casa de Estudios, permitir\u00e1 a un grupo de futuros profesionales velar por el buen trato, hacer una primera acogida a v\u00edctimas y detectar posibles situaciones de violencia.<\/p>\n","protected":false},"excerpt":{"rendered":"<p>Capacitaci\u00f3n, realizada por el Sernameg y esta Casa de Estudios, permitir\u00e1 a un grupo de futuros profesionales velar por el buen trato, hacer una primera acogida a v\u00edctimas y detectar posibles situaciones de violencia.<\/p>\n","protected":false},"author":1,"featured_media":3997,"comment_status":"closed","ping_status":"open","sticky":false,"template":"","format":"video","meta":{"om_disable_all_campaigns":false,"_monsterinsights_skip_tracking":false,"_monsterinsights_sitenote_active":false,"_monsterinsights_sitenote_note":"","_monsterinsights_sitenote_category":0,"footnotes":""},"categories":[93,92],"tags":[673,70,787],"class_list":["post-3996","post","type-post","status-publish","format-video","has-post-thumbnail","hentry","category-noticias","category-utalcatv-informa","tag-direccion-de-genero-utalca","tag-utalca","tag-violencia-de-genero","post_format-post-format-video","slider-tags-campustv-informa","slider-tags-slider","slider-tags-titular"],"aioseo_notices":[],"_links":{"self":[{"href":"https:\/\/tv.utalca.cl\/index.php?rest_route=\/wp\/v2\/posts\/3996","targetHints":{"allow":["GET"]}}],"collection":[{"href":"https:\/\/tv.utalca.cl\/index.php?rest_route=\/wp\/v2\/posts"}],"about":[{"href":"https:\/\/tv.utalca.cl\/index.php?rest_route=\/wp\/v2\/types\/post"}],"author":[{"embeddable":true,"href":"https:\/\/tv.utalca.cl\/index.php?rest_route=\/wp\/v2\/users\/1"}],"replies":[{"embeddable":true,"href":"https:\/\/tv.utalca.cl\/index.php?rest_route=%2Fwp%2Fv2%2Fcomments&post=3996"}],"version-history":[{"count":1,"href":"https:\/\/tv.utalca.cl\/index.php?rest_route=\/wp\/v2\/posts\/3996\/revisions"}],"predecessor-version":[{"id":3998,"href":"https:\/\/tv.utalca.cl\/index.php?rest_route=\/wp\/v2\/posts\/3996\/revisions\/3998"}],"wp:featuredmedia":[{"embeddable":true,"href":"https:\/\/tv.utalca.cl\/index.php?rest_route=\/wp\/v2\/media\/3997"}],"wp:attachment":[{"href":"https:\/\/tv.utalca.cl\/index.php?rest_route=%2Fwp%2Fv2%2Fmedia&parent=3996"}],"wp:term":[{"taxonomy":"category","embeddable":true,"href":"https:\/\/tv.utalca.cl\/index.php?rest_route=%2Fwp%2Fv2%2Fcategories&post=3996"},{"taxonomy":"post_tag","embeddable":true,"href":"https:\/\/tv.utalca.cl\/index.php?rest_route=%2Fwp%2Fv2%2Ftags&post=3996"}],"curies":[{"name":"wp","href":"https:\/\/api.w.org\/{rel}","templated":true}]}}