{"id":4084,"date":"2019-10-18T19:05:04","date_gmt":"2019-10-18T19:05:04","guid":{"rendered":"https:\/\/tv.utalca.cl\/?p=4084"},"modified":"2025-04-11T13:00:31","modified_gmt":"2025-04-11T17:00:31","slug":"inauguran-muestra-de-esculturas-en-la-utalca","status":"publish","type":"post","link":"https:\/\/tv.utalca.cl\/?p=4084","title":{"rendered":"Inauguran muestra de esculturas en la UTalca"},"content":{"rendered":"<p>&#8220;Retazos de Historias en Maderas Abstractas&#8221;, es el nombre de la exposici\u00f3n del acad\u00e9mico, Iv\u00e1n Palomo. La exhibici\u00f3n estar\u00e1 hasta el 12 de diciembre en el Campus Linares de la Casa de Estudios.<\/p>\n","protected":false},"excerpt":{"rendered":"<p>&#8220;Retazos de Historias en Maderas Abstractas&#8221;, es el nombre de la exposici\u00f3n del acad\u00e9mico, Iv\u00e1n Palomo. La exhibici\u00f3n estar\u00e1 hasta el 12 de diciembre en el Campus Linares de la Casa de Estudios.<\/p>\n","protected":false},"author":1,"featured_media":4085,"comment_status":"closed","ping_status":"open","sticky":false,"template":"","format":"video","meta":{"om_disable_all_campaigns":false,"_monsterinsights_skip_tracking":false,"_monsterinsights_sitenote_active":false,"_monsterinsights_sitenote_note":"","_monsterinsights_sitenote_category":0,"footnotes":""},"categories":[93,92],"tags":[1095,380,335,1098,300,70],"class_list":["post-4084","post","type-post","status-publish","format-video","has-post-thumbnail","hentry","category-noticias","category-utalcatv-informa","tag-campus-linares","tag-direccion-de-extension-artistica-cultural","tag-esculturas","tag-exposicion","tag-ivan-palomo","tag-utalca","post_format-post-format-video","slider-tags-campustv-informa","slider-tags-slider","slider-tags-titular"],"aioseo_notices":[],"_links":{"self":[{"href":"https:\/\/tv.utalca.cl\/index.php?rest_route=\/wp\/v2\/posts\/4084","targetHints":{"allow":["GET"]}}],"collection":[{"href":"https:\/\/tv.utalca.cl\/index.php?rest_route=\/wp\/v2\/posts"}],"about":[{"href":"https:\/\/tv.utalca.cl\/index.php?rest_route=\/wp\/v2\/types\/post"}],"author":[{"embeddable":true,"href":"https:\/\/tv.utalca.cl\/index.php?rest_route=\/wp\/v2\/users\/1"}],"replies":[{"embeddable":true,"href":"https:\/\/tv.utalca.cl\/index.php?rest_route=%2Fwp%2Fv2%2Fcomments&post=4084"}],"version-history":[{"count":1,"href":"https:\/\/tv.utalca.cl\/index.php?rest_route=\/wp\/v2\/posts\/4084\/revisions"}],"predecessor-version":[{"id":4086,"href":"https:\/\/tv.utalca.cl\/index.php?rest_route=\/wp\/v2\/posts\/4084\/revisions\/4086"}],"wp:featuredmedia":[{"embeddable":true,"href":"https:\/\/tv.utalca.cl\/index.php?rest_route=\/wp\/v2\/media\/4085"}],"wp:attachment":[{"href":"https:\/\/tv.utalca.cl\/index.php?rest_route=%2Fwp%2Fv2%2Fmedia&parent=4084"}],"wp:term":[{"taxonomy":"category","embeddable":true,"href":"https:\/\/tv.utalca.cl\/index.php?rest_route=%2Fwp%2Fv2%2Fcategories&post=4084"},{"taxonomy":"post_tag","embeddable":true,"href":"https:\/\/tv.utalca.cl\/index.php?rest_route=%2Fwp%2Fv2%2Ftags&post=4084"}],"curies":[{"name":"wp","href":"https:\/\/api.w.org\/{rel}","templated":true}]}}