{"id":4114,"date":"2019-10-24T16:36:48","date_gmt":"2019-10-24T16:36:48","guid":{"rendered":"https:\/\/tv.utalca.cl\/?p=4114"},"modified":"2025-04-11T13:00:31","modified_gmt":"2025-04-11T17:00:31","slug":"comprometidosconlacomunidad-derechos-y-deberes-de-los-trabajadores-en-estado-de-excepcion","status":"publish","type":"post","link":"https:\/\/tv.utalca.cl\/?p=4114","title":{"rendered":"Derechos y deberes de los trabajadores en Estado de Excepci\u00f3n"},"content":{"rendered":"<p>Durante un Estado de Excepci\u00f3n Constitucional el trabajo tambi\u00e9n tiene alteraciones, \u00bfcu\u00e1les son los derechos y deberes de los trabajadores? Se lo preguntamos al abogado Rodrigo Palomo, acad\u00e9mico Facultad de Ciencias Jur\u00eddicas y Sociales de la Universidad de Talca.<\/p>\n<p>&nbsp;<\/p>\n<p>&nbsp;<\/p>\n","protected":false},"excerpt":{"rendered":"<p>Durante un Estado de Excepci\u00f3n Constitucional el trabajo tambi\u00e9n tiene alteraciones, \u00bfcu\u00e1les son los derechos y deberes de los trabajadores? Se lo preguntamos al abogado Rodrigo Palomo, acad\u00e9mico Facultad de Ciencias Jur\u00eddicas y Sociales de la Universidad de Talca. &nbsp; &nbsp;<\/p>\n","protected":false},"author":1,"featured_media":4115,"comment_status":"closed","ping_status":"open","sticky":false,"template":"","format":"video","meta":{"om_disable_all_campaigns":false,"_monsterinsights_skip_tracking":false,"_monsterinsights_sitenote_active":false,"_monsterinsights_sitenote_note":"","_monsterinsights_sitenote_category":0,"footnotes":""},"categories":[387,1099],"tags":[1104,79,70],"class_list":["post-4114","post","type-post","status-publish","format-video","has-post-thumbnail","hentry","category-capsulas","category-comprometidos-con-la-comunidad","tag-rodrigo-palomo","tag-universidad-de-talca","tag-utalca","post_format-post-format-video","slider-tags-capsulas","slider-tags-slider","slider-tags-titular"],"aioseo_notices":[],"_links":{"self":[{"href":"https:\/\/tv.utalca.cl\/index.php?rest_route=\/wp\/v2\/posts\/4114","targetHints":{"allow":["GET"]}}],"collection":[{"href":"https:\/\/tv.utalca.cl\/index.php?rest_route=\/wp\/v2\/posts"}],"about":[{"href":"https:\/\/tv.utalca.cl\/index.php?rest_route=\/wp\/v2\/types\/post"}],"author":[{"embeddable":true,"href":"https:\/\/tv.utalca.cl\/index.php?rest_route=\/wp\/v2\/users\/1"}],"replies":[{"embeddable":true,"href":"https:\/\/tv.utalca.cl\/index.php?rest_route=%2Fwp%2Fv2%2Fcomments&post=4114"}],"version-history":[{"count":2,"href":"https:\/\/tv.utalca.cl\/index.php?rest_route=\/wp\/v2\/posts\/4114\/revisions"}],"predecessor-version":[{"id":4196,"href":"https:\/\/tv.utalca.cl\/index.php?rest_route=\/wp\/v2\/posts\/4114\/revisions\/4196"}],"wp:featuredmedia":[{"embeddable":true,"href":"https:\/\/tv.utalca.cl\/index.php?rest_route=\/wp\/v2\/media\/4115"}],"wp:attachment":[{"href":"https:\/\/tv.utalca.cl\/index.php?rest_route=%2Fwp%2Fv2%2Fmedia&parent=4114"}],"wp:term":[{"taxonomy":"category","embeddable":true,"href":"https:\/\/tv.utalca.cl\/index.php?rest_route=%2Fwp%2Fv2%2Fcategories&post=4114"},{"taxonomy":"post_tag","embeddable":true,"href":"https:\/\/tv.utalca.cl\/index.php?rest_route=%2Fwp%2Fv2%2Ftags&post=4114"}],"curies":[{"name":"wp","href":"https:\/\/api.w.org\/{rel}","templated":true}]}}