{"id":4222,"date":"2019-10-30T19:03:31","date_gmt":"2019-10-30T19:03:31","guid":{"rendered":"https:\/\/tv.utalca.cl\/?p=4222"},"modified":"2025-04-11T13:00:29","modified_gmt":"2025-04-11T17:00:29","slug":"realizan-talleres-de-autocuidado-abiertos-a-la-comunidad","status":"publish","type":"post","link":"https:\/\/tv.utalca.cl\/?p=4222","title":{"rendered":"Realizan talleres de autocuidado abiertos a la comunidad"},"content":{"rendered":"<p>Frente a la contingencia que vive el pa\u00eds, estudiantes, acad\u00e9micos y profesionales de la UTalca, est\u00e1n desarrollando este tipo de iniciativas. A esto se suma, los servicios de orientaci\u00f3n en el \u00e1mbito legal, financiero, psicol\u00f3gico y sobre salud p\u00fablica.<\/p>\n","protected":false},"excerpt":{"rendered":"<p>Frente a la contingencia que vive el pa\u00eds, estudiantes, acad\u00e9micos y profesionales de la UTalca, est\u00e1n desarrollando este tipo de iniciativas. A esto se suma, los servicios de orientaci\u00f3n en el \u00e1mbito legal, financiero, psicol\u00f3gico y sobre salud p\u00fablica.<\/p>\n","protected":false},"author":1,"featured_media":4223,"comment_status":"closed","ping_status":"open","sticky":false,"template":"","format":"standard","meta":{"om_disable_all_campaigns":false,"_monsterinsights_skip_tracking":false,"_monsterinsights_sitenote_active":false,"_monsterinsights_sitenote_note":"","_monsterinsights_sitenote_category":0,"footnotes":""},"categories":[1099,93],"tags":[1103,1120,990,79,70,1065,371],"class_list":["post-4222","post","type-post","status-publish","format-standard","has-post-thumbnail","hentry","category-comprometidos-con-la-comunidad","category-noticias","tag-comprometidos-con-la-comunidad","tag-estallido-social","tag-talleres","tag-universidad-de-talca","tag-utalca","tag-vicerrectoria-de-vinculacion-con-el-medio","tag-vinculacion","slider-tags-slider","slider-tags-titular"],"aioseo_notices":[],"_links":{"self":[{"href":"https:\/\/tv.utalca.cl\/index.php?rest_route=\/wp\/v2\/posts\/4222","targetHints":{"allow":["GET"]}}],"collection":[{"href":"https:\/\/tv.utalca.cl\/index.php?rest_route=\/wp\/v2\/posts"}],"about":[{"href":"https:\/\/tv.utalca.cl\/index.php?rest_route=\/wp\/v2\/types\/post"}],"author":[{"embeddable":true,"href":"https:\/\/tv.utalca.cl\/index.php?rest_route=\/wp\/v2\/users\/1"}],"replies":[{"embeddable":true,"href":"https:\/\/tv.utalca.cl\/index.php?rest_route=%2Fwp%2Fv2%2Fcomments&post=4222"}],"version-history":[{"count":1,"href":"https:\/\/tv.utalca.cl\/index.php?rest_route=\/wp\/v2\/posts\/4222\/revisions"}],"predecessor-version":[{"id":4224,"href":"https:\/\/tv.utalca.cl\/index.php?rest_route=\/wp\/v2\/posts\/4222\/revisions\/4224"}],"wp:featuredmedia":[{"embeddable":true,"href":"https:\/\/tv.utalca.cl\/index.php?rest_route=\/wp\/v2\/media\/4223"}],"wp:attachment":[{"href":"https:\/\/tv.utalca.cl\/index.php?rest_route=%2Fwp%2Fv2%2Fmedia&parent=4222"}],"wp:term":[{"taxonomy":"category","embeddable":true,"href":"https:\/\/tv.utalca.cl\/index.php?rest_route=%2Fwp%2Fv2%2Fcategories&post=4222"},{"taxonomy":"post_tag","embeddable":true,"href":"https:\/\/tv.utalca.cl\/index.php?rest_route=%2Fwp%2Fv2%2Ftags&post=4222"}],"curies":[{"name":"wp","href":"https:\/\/api.w.org\/{rel}","templated":true}]}}