{"id":4229,"date":"2019-11-04T14:40:29","date_gmt":"2019-11-04T14:40:29","guid":{"rendered":"https:\/\/tv.utalca.cl\/?p=4229"},"modified":"2025-04-11T13:00:29","modified_gmt":"2025-04-11T17:00:29","slug":"que-es-una-acusacion-constitucional","status":"publish","type":"post","link":"https:\/\/tv.utalca.cl\/?p=4229","title":{"rendered":"\u00bfQu\u00e9 es una acusaci\u00f3n constitucional?"},"content":{"rendered":"<p>Se lo preguntamos al abogado Cristian Contreras, acad\u00e9mico de la Facultad de Ciencias Jur\u00eddicas y Sociales de la Universidad de Talca.<\/p>\n","protected":false},"excerpt":{"rendered":"<p>Se lo preguntamos al abogado Cristian Contreras, acad\u00e9mico de la Facultad de Ciencias Jur\u00eddicas y Sociales de la Universidad de Talca.<\/p>\n","protected":false},"author":1,"featured_media":4230,"comment_status":"closed","ping_status":"open","sticky":false,"template":"","format":"video","meta":{"om_disable_all_campaigns":false,"_monsterinsights_skip_tracking":false,"_monsterinsights_sitenote_active":false,"_monsterinsights_sitenote_note":"","_monsterinsights_sitenote_category":0,"footnotes":""},"categories":[387,1099],"tags":[1130,1129,224,70],"class_list":["post-4229","post","type-post","status-publish","format-video","has-post-thumbnail","hentry","category-capsulas","category-comprometidos-con-la-comunidad","tag-acusacion-constitucional","tag-cristian-contreras","tag-facultad-ciencias-juridicas-y-sociales","tag-utalca","post_format-post-format-video","slider-tags-capsulas","slider-tags-slider","slider-tags-titular"],"aioseo_notices":[],"_links":{"self":[{"href":"https:\/\/tv.utalca.cl\/index.php?rest_route=\/wp\/v2\/posts\/4229","targetHints":{"allow":["GET"]}}],"collection":[{"href":"https:\/\/tv.utalca.cl\/index.php?rest_route=\/wp\/v2\/posts"}],"about":[{"href":"https:\/\/tv.utalca.cl\/index.php?rest_route=\/wp\/v2\/types\/post"}],"author":[{"embeddable":true,"href":"https:\/\/tv.utalca.cl\/index.php?rest_route=\/wp\/v2\/users\/1"}],"replies":[{"embeddable":true,"href":"https:\/\/tv.utalca.cl\/index.php?rest_route=%2Fwp%2Fv2%2Fcomments&post=4229"}],"version-history":[{"count":1,"href":"https:\/\/tv.utalca.cl\/index.php?rest_route=\/wp\/v2\/posts\/4229\/revisions"}],"predecessor-version":[{"id":4231,"href":"https:\/\/tv.utalca.cl\/index.php?rest_route=\/wp\/v2\/posts\/4229\/revisions\/4231"}],"wp:featuredmedia":[{"embeddable":true,"href":"https:\/\/tv.utalca.cl\/index.php?rest_route=\/wp\/v2\/media\/4230"}],"wp:attachment":[{"href":"https:\/\/tv.utalca.cl\/index.php?rest_route=%2Fwp%2Fv2%2Fmedia&parent=4229"}],"wp:term":[{"taxonomy":"category","embeddable":true,"href":"https:\/\/tv.utalca.cl\/index.php?rest_route=%2Fwp%2Fv2%2Fcategories&post=4229"},{"taxonomy":"post_tag","embeddable":true,"href":"https:\/\/tv.utalca.cl\/index.php?rest_route=%2Fwp%2Fv2%2Ftags&post=4229"}],"curies":[{"name":"wp","href":"https:\/\/api.w.org\/{rel}","templated":true}]}}