{"id":4232,"date":"2019-11-04T14:45:32","date_gmt":"2019-11-04T14:45:32","guid":{"rendered":"https:\/\/tv.utalca.cl\/?p=4232"},"modified":"2025-04-11T13:00:29","modified_gmt":"2025-04-11T17:00:29","slug":"centro-de-la-ciudad-como-espacio-de-representacion","status":"publish","type":"post","link":"https:\/\/tv.utalca.cl\/?p=4232","title":{"rendered":"El centro de la ciudad como espacio de representaci\u00f3n"},"content":{"rendered":"<p>&#8220;Estas semanas ha sido interesante de percibir los centros de las ciudades como espacios de representaci\u00f3n, esto es fundamental&#8221;, Andr\u00e9s Maraga\u00f1o, arquitecto y acad\u00e9mico Escuela de Arquitectura de la Universidad de Talca.<\/p>\n","protected":false},"excerpt":{"rendered":"<p>&#8220;Estas semanas ha sido interesante de percibir los centros de las ciudades como espacios de representaci\u00f3n, esto es fundamental&#8221;, Andr\u00e9s Maraga\u00f1o, arquitecto y acad\u00e9mico Escuela de Arquitectura de la Universidad de Talca.<\/p>\n","protected":false},"author":1,"featured_media":4233,"comment_status":"closed","ping_status":"open","sticky":false,"template":"","format":"video","meta":{"om_disable_all_campaigns":false,"_monsterinsights_skip_tracking":false,"_monsterinsights_sitenote_active":false,"_monsterinsights_sitenote_note":"","_monsterinsights_sitenote_category":0,"footnotes":""},"categories":[387,1099],"tags":[1131,731,1078,70],"class_list":["post-4232","post","type-post","status-publish","format-video","has-post-thumbnail","hentry","category-capsulas","category-comprometidos-con-la-comunidad","tag-andres-maragano","tag-arquitectura","tag-arquitectura-utalca","tag-utalca","post_format-post-format-video","slider-tags-capsulas"],"aioseo_notices":[],"_links":{"self":[{"href":"https:\/\/tv.utalca.cl\/index.php?rest_route=\/wp\/v2\/posts\/4232","targetHints":{"allow":["GET"]}}],"collection":[{"href":"https:\/\/tv.utalca.cl\/index.php?rest_route=\/wp\/v2\/posts"}],"about":[{"href":"https:\/\/tv.utalca.cl\/index.php?rest_route=\/wp\/v2\/types\/post"}],"author":[{"embeddable":true,"href":"https:\/\/tv.utalca.cl\/index.php?rest_route=\/wp\/v2\/users\/1"}],"replies":[{"embeddable":true,"href":"https:\/\/tv.utalca.cl\/index.php?rest_route=%2Fwp%2Fv2%2Fcomments&post=4232"}],"version-history":[{"count":2,"href":"https:\/\/tv.utalca.cl\/index.php?rest_route=\/wp\/v2\/posts\/4232\/revisions"}],"predecessor-version":[{"id":4235,"href":"https:\/\/tv.utalca.cl\/index.php?rest_route=\/wp\/v2\/posts\/4232\/revisions\/4235"}],"wp:featuredmedia":[{"embeddable":true,"href":"https:\/\/tv.utalca.cl\/index.php?rest_route=\/wp\/v2\/media\/4233"}],"wp:attachment":[{"href":"https:\/\/tv.utalca.cl\/index.php?rest_route=%2Fwp%2Fv2%2Fmedia&parent=4232"}],"wp:term":[{"taxonomy":"category","embeddable":true,"href":"https:\/\/tv.utalca.cl\/index.php?rest_route=%2Fwp%2Fv2%2Fcategories&post=4232"},{"taxonomy":"post_tag","embeddable":true,"href":"https:\/\/tv.utalca.cl\/index.php?rest_route=%2Fwp%2Fv2%2Ftags&post=4232"}],"curies":[{"name":"wp","href":"https:\/\/api.w.org\/{rel}","templated":true}]}}