{"id":4239,"date":"2019-11-04T14:56:07","date_gmt":"2019-11-04T14:56:07","guid":{"rendered":"https:\/\/tv.utalca.cl\/?p=4239"},"modified":"2025-04-11T13:00:29","modified_gmt":"2025-04-11T17:00:29","slug":"diferencia-entre-igualdad-y-equidad","status":"publish","type":"post","link":"https:\/\/tv.utalca.cl\/?p=4239","title":{"rendered":"Diferencia entre igualdad y equidad"},"content":{"rendered":"<p>\u00bfCu\u00e1l es la diferencia entre los conceptos de igualdad y equidad? Se lo preguntamos al psic\u00f3logo Ismael Gallardo, acad\u00e9mico Facultad de Psicolog\u00eda UTalca.<\/p>\n","protected":false},"excerpt":{"rendered":"<p>\u00bfCu\u00e1l es la diferencia entre los conceptos de igualdad y equidad? Se lo preguntamos al psic\u00f3logo Ismael Gallardo, acad\u00e9mico Facultad de Psicolog\u00eda UTalca.<\/p>\n","protected":false},"author":1,"featured_media":4240,"comment_status":"closed","ping_status":"open","sticky":false,"template":"","format":"video","meta":{"om_disable_all_campaigns":false,"_monsterinsights_skip_tracking":false,"_monsterinsights_sitenote_active":false,"_monsterinsights_sitenote_note":"","_monsterinsights_sitenote_category":0,"footnotes":""},"categories":[387,1099],"tags":[1133,1132,1127,80,308],"class_list":["post-4239","post","type-post","status-publish","format-video","has-post-thumbnail","hentry","category-capsulas","category-comprometidos-con-la-comunidad","tag-equidad","tag-igualdad","tag-ismael-gallardo","tag-psicologia","tag-psicologia-utalca","post_format-post-format-video","slider-tags-capsulas"],"aioseo_notices":[],"_links":{"self":[{"href":"https:\/\/tv.utalca.cl\/index.php?rest_route=\/wp\/v2\/posts\/4239","targetHints":{"allow":["GET"]}}],"collection":[{"href":"https:\/\/tv.utalca.cl\/index.php?rest_route=\/wp\/v2\/posts"}],"about":[{"href":"https:\/\/tv.utalca.cl\/index.php?rest_route=\/wp\/v2\/types\/post"}],"author":[{"embeddable":true,"href":"https:\/\/tv.utalca.cl\/index.php?rest_route=\/wp\/v2\/users\/1"}],"replies":[{"embeddable":true,"href":"https:\/\/tv.utalca.cl\/index.php?rest_route=%2Fwp%2Fv2%2Fcomments&post=4239"}],"version-history":[{"count":1,"href":"https:\/\/tv.utalca.cl\/index.php?rest_route=\/wp\/v2\/posts\/4239\/revisions"}],"predecessor-version":[{"id":4241,"href":"https:\/\/tv.utalca.cl\/index.php?rest_route=\/wp\/v2\/posts\/4239\/revisions\/4241"}],"wp:featuredmedia":[{"embeddable":true,"href":"https:\/\/tv.utalca.cl\/index.php?rest_route=\/wp\/v2\/media\/4240"}],"wp:attachment":[{"href":"https:\/\/tv.utalca.cl\/index.php?rest_route=%2Fwp%2Fv2%2Fmedia&parent=4239"}],"wp:term":[{"taxonomy":"category","embeddable":true,"href":"https:\/\/tv.utalca.cl\/index.php?rest_route=%2Fwp%2Fv2%2Fcategories&post=4239"},{"taxonomy":"post_tag","embeddable":true,"href":"https:\/\/tv.utalca.cl\/index.php?rest_route=%2Fwp%2Fv2%2Ftags&post=4239"}],"curies":[{"name":"wp","href":"https:\/\/api.w.org\/{rel}","templated":true}]}}