{"id":4290,"date":"2019-11-08T17:12:51","date_gmt":"2019-11-08T17:12:51","guid":{"rendered":"https:\/\/tv.utalca.cl\/?p=4290"},"modified":"2025-04-11T13:00:28","modified_gmt":"2025-04-11T17:00:28","slug":"analizan-el-espacio-publico-como-epicentro-de-las-manifestaciones","status":"publish","type":"post","link":"https:\/\/tv.utalca.cl\/?p=4290","title":{"rendered":"Analizan el espacio p\u00fablico como epicentro de las manifestaciones"},"content":{"rendered":"<p>A diario miles de personas utilizan lugares ic\u00f3nicos de Talca como punto de encuentro y reflexi\u00f3n. Acad\u00e9micos de la Escuela de Arquitectura de la UTalca explican este fen\u00f3meno.<\/p>\n","protected":false},"excerpt":{"rendered":"<p>A diario miles de personas utilizan lugares ic\u00f3nicos de Talca como punto de encuentro y reflexi\u00f3n. Acad\u00e9micos de la Escuela de Arquitectura de la UTalca explican este fen\u00f3meno.<\/p>\n","protected":false},"author":1,"featured_media":4291,"comment_status":"closed","ping_status":"open","sticky":false,"template":"","format":"video","meta":{"om_disable_all_campaigns":false,"_monsterinsights_skip_tracking":false,"_monsterinsights_sitenote_active":false,"_monsterinsights_sitenote_note":"","_monsterinsights_sitenote_category":0,"footnotes":""},"categories":[1099,93],"tags":[731,1078,1103,79,70],"class_list":["post-4290","post","type-post","status-publish","format-video","has-post-thumbnail","hentry","category-comprometidos-con-la-comunidad","category-noticias","tag-arquitectura","tag-arquitectura-utalca","tag-comprometidos-con-la-comunidad","tag-universidad-de-talca","tag-utalca","post_format-post-format-video","slider-tags-slider","slider-tags-titular"],"aioseo_notices":[],"_links":{"self":[{"href":"https:\/\/tv.utalca.cl\/index.php?rest_route=\/wp\/v2\/posts\/4290","targetHints":{"allow":["GET"]}}],"collection":[{"href":"https:\/\/tv.utalca.cl\/index.php?rest_route=\/wp\/v2\/posts"}],"about":[{"href":"https:\/\/tv.utalca.cl\/index.php?rest_route=\/wp\/v2\/types\/post"}],"author":[{"embeddable":true,"href":"https:\/\/tv.utalca.cl\/index.php?rest_route=\/wp\/v2\/users\/1"}],"replies":[{"embeddable":true,"href":"https:\/\/tv.utalca.cl\/index.php?rest_route=%2Fwp%2Fv2%2Fcomments&post=4290"}],"version-history":[{"count":1,"href":"https:\/\/tv.utalca.cl\/index.php?rest_route=\/wp\/v2\/posts\/4290\/revisions"}],"predecessor-version":[{"id":4292,"href":"https:\/\/tv.utalca.cl\/index.php?rest_route=\/wp\/v2\/posts\/4290\/revisions\/4292"}],"wp:featuredmedia":[{"embeddable":true,"href":"https:\/\/tv.utalca.cl\/index.php?rest_route=\/wp\/v2\/media\/4291"}],"wp:attachment":[{"href":"https:\/\/tv.utalca.cl\/index.php?rest_route=%2Fwp%2Fv2%2Fmedia&parent=4290"}],"wp:term":[{"taxonomy":"category","embeddable":true,"href":"https:\/\/tv.utalca.cl\/index.php?rest_route=%2Fwp%2Fv2%2Fcategories&post=4290"},{"taxonomy":"post_tag","embeddable":true,"href":"https:\/\/tv.utalca.cl\/index.php?rest_route=%2Fwp%2Fv2%2Ftags&post=4290"}],"curies":[{"name":"wp","href":"https:\/\/api.w.org\/{rel}","templated":true}]}}