{"id":4367,"date":"2019-11-15T14:42:58","date_gmt":"2019-11-15T14:42:58","guid":{"rendered":"https:\/\/tv.utalca.cl\/?p=4367"},"modified":"2025-04-11T13:00:27","modified_gmt":"2025-04-11T17:00:27","slug":"apoyo-a-micro-pequenas-y-medianas-empresas","status":"publish","type":"post","link":"https:\/\/tv.utalca.cl\/?p=4367","title":{"rendered":"Apoyo a micro, peque\u00f1as y medianas empresas"},"content":{"rendered":"<p>\u00bfQu\u00e9 medida ha tomado el Servicio de Impuestos Internos para contribuir a la situaci\u00f3n que est\u00e1n viviendo las micro, peque\u00f1as y medianas empresas? Se lo preguntamos a Alejandra Ubilla, acad\u00e9mica \u00e1rea tributaria FEN UTalca.<\/p>\n","protected":false},"excerpt":{"rendered":"<p>\u00bfQu\u00e9 medida ha tomado el Servicio de Impuestos Internos para contribuir a la situaci\u00f3n que est\u00e1n viviendo las micro, peque\u00f1as y medianas empresas? Se lo preguntamos a Alejandra Ubilla, acad\u00e9mica \u00e1rea tributaria FEN UTalca.<\/p>\n","protected":false},"author":1,"featured_media":4368,"comment_status":"closed","ping_status":"open","sticky":false,"template":"","format":"video","meta":{"om_disable_all_campaigns":false,"_monsterinsights_skip_tracking":false,"_monsterinsights_sitenote_active":false,"_monsterinsights_sitenote_note":"","_monsterinsights_sitenote_category":0,"footnotes":""},"categories":[1099,1154],"tags":[1103,1158,531,730,70],"class_list":["post-4367","post","type-post","status-publish","format-video","has-post-thumbnail","hentry","category-comprometidos-con-la-comunidad","category-expertos-utalca","tag-comprometidos-con-la-comunidad","tag-empresas","tag-fen-utalca","tag-pymes","tag-utalca","post_format-post-format-video","slider-tags-slider","slider-tags-titular"],"aioseo_notices":[],"_links":{"self":[{"href":"https:\/\/tv.utalca.cl\/index.php?rest_route=\/wp\/v2\/posts\/4367","targetHints":{"allow":["GET"]}}],"collection":[{"href":"https:\/\/tv.utalca.cl\/index.php?rest_route=\/wp\/v2\/posts"}],"about":[{"href":"https:\/\/tv.utalca.cl\/index.php?rest_route=\/wp\/v2\/types\/post"}],"author":[{"embeddable":true,"href":"https:\/\/tv.utalca.cl\/index.php?rest_route=\/wp\/v2\/users\/1"}],"replies":[{"embeddable":true,"href":"https:\/\/tv.utalca.cl\/index.php?rest_route=%2Fwp%2Fv2%2Fcomments&post=4367"}],"version-history":[{"count":1,"href":"https:\/\/tv.utalca.cl\/index.php?rest_route=\/wp\/v2\/posts\/4367\/revisions"}],"predecessor-version":[{"id":4369,"href":"https:\/\/tv.utalca.cl\/index.php?rest_route=\/wp\/v2\/posts\/4367\/revisions\/4369"}],"wp:featuredmedia":[{"embeddable":true,"href":"https:\/\/tv.utalca.cl\/index.php?rest_route=\/wp\/v2\/media\/4368"}],"wp:attachment":[{"href":"https:\/\/tv.utalca.cl\/index.php?rest_route=%2Fwp%2Fv2%2Fmedia&parent=4367"}],"wp:term":[{"taxonomy":"category","embeddable":true,"href":"https:\/\/tv.utalca.cl\/index.php?rest_route=%2Fwp%2Fv2%2Fcategories&post=4367"},{"taxonomy":"post_tag","embeddable":true,"href":"https:\/\/tv.utalca.cl\/index.php?rest_route=%2Fwp%2Fv2%2Ftags&post=4367"}],"curies":[{"name":"wp","href":"https:\/\/api.w.org\/{rel}","templated":true}]}}