{"id":4694,"date":"2020-01-15T13:48:28","date_gmt":"2020-01-15T13:48:28","guid":{"rendered":"https:\/\/tv.utalca.cl\/?p=4694"},"modified":"2025-04-11T13:00:59","modified_gmt":"2025-04-11T17:00:59","slug":"lanzan-programa-de-emprendimiento-con-enfoque-de-genero","status":"publish","type":"post","link":"https:\/\/tv.utalca.cl\/?p=4694","title":{"rendered":"Lanzan programa de emprendimiento con enfoque de g\u00e9nero"},"content":{"rendered":"<p>Se trata de una iniciativa de Sernameg, el Gobierno Regional y que ser\u00e1 ejecutada por la Universidad de Talca. \u200bM\u00e1s de 140 mujeres de Vichuqu\u00e9n, Licant\u00e9n, Huala\u00f1\u00e9 y Curepto recibir\u00e1n capacitaci\u00f3n.<\/p>\n","protected":false},"excerpt":{"rendered":"<p>Se trata de una iniciativa de Sernameg, el Gobierno Regional y que ser\u00e1 ejecutada por la Universidad de Talca. \u200bM\u00e1s de 140 mujeres de Vichuqu\u00e9n, Licant\u00e9n, Huala\u00f1\u00e9 y Curepto recibir\u00e1n capacitaci\u00f3n.<\/p>\n","protected":false},"author":1,"featured_media":4695,"comment_status":"closed","ping_status":"open","sticky":false,"template":"","format":"video","meta":{"om_disable_all_campaigns":false,"_monsterinsights_skip_tracking":false,"_monsterinsights_sitenote_active":false,"_monsterinsights_sitenote_note":"","_monsterinsights_sitenote_category":0,"footnotes":""},"categories":[93,92],"tags":[1238,182,181,1237,79,70],"class_list":["post-4694","post","type-post","status-publish","format-video","has-post-thumbnail","hentry","category-noticias","category-utalcatv-informa","tag-emprendedoras","tag-emprendedores","tag-emprendimiento","tag-enfoque-de-genero","tag-universidad-de-talca","tag-utalca","post_format-post-format-video","slider-tags-campustv-informa","slider-tags-slider","slider-tags-titular"],"aioseo_notices":[],"_links":{"self":[{"href":"https:\/\/tv.utalca.cl\/index.php?rest_route=\/wp\/v2\/posts\/4694","targetHints":{"allow":["GET"]}}],"collection":[{"href":"https:\/\/tv.utalca.cl\/index.php?rest_route=\/wp\/v2\/posts"}],"about":[{"href":"https:\/\/tv.utalca.cl\/index.php?rest_route=\/wp\/v2\/types\/post"}],"author":[{"embeddable":true,"href":"https:\/\/tv.utalca.cl\/index.php?rest_route=\/wp\/v2\/users\/1"}],"replies":[{"embeddable":true,"href":"https:\/\/tv.utalca.cl\/index.php?rest_route=%2Fwp%2Fv2%2Fcomments&post=4694"}],"version-history":[{"count":1,"href":"https:\/\/tv.utalca.cl\/index.php?rest_route=\/wp\/v2\/posts\/4694\/revisions"}],"predecessor-version":[{"id":4696,"href":"https:\/\/tv.utalca.cl\/index.php?rest_route=\/wp\/v2\/posts\/4694\/revisions\/4696"}],"wp:featuredmedia":[{"embeddable":true,"href":"https:\/\/tv.utalca.cl\/index.php?rest_route=\/wp\/v2\/media\/4695"}],"wp:attachment":[{"href":"https:\/\/tv.utalca.cl\/index.php?rest_route=%2Fwp%2Fv2%2Fmedia&parent=4694"}],"wp:term":[{"taxonomy":"category","embeddable":true,"href":"https:\/\/tv.utalca.cl\/index.php?rest_route=%2Fwp%2Fv2%2Fcategories&post=4694"},{"taxonomy":"post_tag","embeddable":true,"href":"https:\/\/tv.utalca.cl\/index.php?rest_route=%2Fwp%2Fv2%2Ftags&post=4694"}],"curies":[{"name":"wp","href":"https:\/\/api.w.org\/{rel}","templated":true}]}}