{"id":4981,"date":"2020-03-11T20:49:34","date_gmt":"2020-03-11T20:49:34","guid":{"rendered":"https:\/\/tv.utalca.cl\/?p=4981"},"modified":"2025-04-11T13:00:55","modified_gmt":"2025-04-11T17:00:55","slug":"10-mil-hectareas-de-bosque-nativo-se-han-quemado-en-molina","status":"publish","type":"post","link":"https:\/\/tv.utalca.cl\/?p=4981","title":{"rendered":"10 mil hect\u00e1reas de bosque nativo se han quemado en Molina"},"content":{"rendered":"<p>Acad\u00e9mico de la UTalca analiza impacto en la biodivesidad. El turismo se ha visto afectado por el incendio forestal que a\u00fan no puede ser contenido.<\/p>\n","protected":false},"excerpt":{"rendered":"<p>Acad\u00e9mico de la UTalca analiza impacto en la biodivesidad. El turismo se ha visto afectado por el incendio forestal que a\u00fan no puede ser contenido.<\/p>\n","protected":false},"author":1,"featured_media":4982,"comment_status":"closed","ping_status":"open","sticky":false,"template":"","format":"video","meta":{"om_disable_all_campaigns":false,"_monsterinsights_skip_tracking":false,"_monsterinsights_sitenote_active":false,"_monsterinsights_sitenote_note":"","_monsterinsights_sitenote_category":0,"footnotes":""},"categories":[93,92],"tags":[262,263,421,412,70],"class_list":["post-4981","post","type-post","status-publish","format-video","has-post-thumbnail","hentry","category-noticias","category-utalcatv-informa","tag-incendios","tag-incendios-forestales","tag-molina","tag-radal-7-tazas","tag-utalca","post_format-post-format-video","slider-tags-campustv-informa","slider-tags-slider","slider-tags-titular"],"aioseo_notices":[],"_links":{"self":[{"href":"https:\/\/tv.utalca.cl\/index.php?rest_route=\/wp\/v2\/posts\/4981","targetHints":{"allow":["GET"]}}],"collection":[{"href":"https:\/\/tv.utalca.cl\/index.php?rest_route=\/wp\/v2\/posts"}],"about":[{"href":"https:\/\/tv.utalca.cl\/index.php?rest_route=\/wp\/v2\/types\/post"}],"author":[{"embeddable":true,"href":"https:\/\/tv.utalca.cl\/index.php?rest_route=\/wp\/v2\/users\/1"}],"replies":[{"embeddable":true,"href":"https:\/\/tv.utalca.cl\/index.php?rest_route=%2Fwp%2Fv2%2Fcomments&post=4981"}],"version-history":[{"count":1,"href":"https:\/\/tv.utalca.cl\/index.php?rest_route=\/wp\/v2\/posts\/4981\/revisions"}],"predecessor-version":[{"id":4983,"href":"https:\/\/tv.utalca.cl\/index.php?rest_route=\/wp\/v2\/posts\/4981\/revisions\/4983"}],"wp:featuredmedia":[{"embeddable":true,"href":"https:\/\/tv.utalca.cl\/index.php?rest_route=\/wp\/v2\/media\/4982"}],"wp:attachment":[{"href":"https:\/\/tv.utalca.cl\/index.php?rest_route=%2Fwp%2Fv2%2Fmedia&parent=4981"}],"wp:term":[{"taxonomy":"category","embeddable":true,"href":"https:\/\/tv.utalca.cl\/index.php?rest_route=%2Fwp%2Fv2%2Fcategories&post=4981"},{"taxonomy":"post_tag","embeddable":true,"href":"https:\/\/tv.utalca.cl\/index.php?rest_route=%2Fwp%2Fv2%2Ftags&post=4981"}],"curies":[{"name":"wp","href":"https:\/\/api.w.org\/{rel}","templated":true}]}}