{"id":4998,"date":"2020-03-12T20:33:05","date_gmt":"2020-03-12T20:33:05","guid":{"rendered":"https:\/\/tv.utalca.cl\/?p=4998"},"modified":"2025-04-11T13:01:36","modified_gmt":"2025-04-11T17:01:36","slug":"panoramas-del-maule-reserva-nacional-federico-albert","status":"publish","type":"post","link":"https:\/\/tv.utalca.cl\/?p=4998","title":{"rendered":"Panoramas del Maule: Reserva Nacional  Federico Albert"},"content":{"rendered":"<p>En esta cap\u00edtulo visitamos este hermoso lugar, una reserva est\u00e1 ubicada en la comuna de Chanco y tiene una superficie de 145 hect\u00e1reas.<\/p>\n","protected":false},"excerpt":{"rendered":"<p>En esta cap\u00edtulo visitamos este hermoso lugar, una reserva est\u00e1 ubicada en la comuna de Chanco y tiene una superficie de 145 hect\u00e1reas.<\/p>\n","protected":false},"author":1,"featured_media":4999,"comment_status":"closed","ping_status":"open","sticky":false,"template":"","format":"video","meta":{"om_disable_all_campaigns":false,"_monsterinsights_skip_tracking":false,"_monsterinsights_sitenote_active":false,"_monsterinsights_sitenote_note":"","_monsterinsights_sitenote_category":0,"footnotes":""},"categories":[103,112],"tags":[1320,105,1224,1319],"class_list":["post-4998","post","type-post","status-publish","format-video","has-post-thumbnail","hentry","category-panoramas-del-maule","category-programa","tag-federico-albert","tag-panoramas-del-maule","tag-region-de-maule","tag-reserva-nacional-federico-albert","post_format-post-format-video","slider-tags-panoramas-del-maule"],"aioseo_notices":[],"_links":{"self":[{"href":"https:\/\/tv.utalca.cl\/index.php?rest_route=\/wp\/v2\/posts\/4998","targetHints":{"allow":["GET"]}}],"collection":[{"href":"https:\/\/tv.utalca.cl\/index.php?rest_route=\/wp\/v2\/posts"}],"about":[{"href":"https:\/\/tv.utalca.cl\/index.php?rest_route=\/wp\/v2\/types\/post"}],"author":[{"embeddable":true,"href":"https:\/\/tv.utalca.cl\/index.php?rest_route=\/wp\/v2\/users\/1"}],"replies":[{"embeddable":true,"href":"https:\/\/tv.utalca.cl\/index.php?rest_route=%2Fwp%2Fv2%2Fcomments&post=4998"}],"version-history":[{"count":1,"href":"https:\/\/tv.utalca.cl\/index.php?rest_route=\/wp\/v2\/posts\/4998\/revisions"}],"predecessor-version":[{"id":5000,"href":"https:\/\/tv.utalca.cl\/index.php?rest_route=\/wp\/v2\/posts\/4998\/revisions\/5000"}],"wp:featuredmedia":[{"embeddable":true,"href":"https:\/\/tv.utalca.cl\/index.php?rest_route=\/wp\/v2\/media\/4999"}],"wp:attachment":[{"href":"https:\/\/tv.utalca.cl\/index.php?rest_route=%2Fwp%2Fv2%2Fmedia&parent=4998"}],"wp:term":[{"taxonomy":"category","embeddable":true,"href":"https:\/\/tv.utalca.cl\/index.php?rest_route=%2Fwp%2Fv2%2Fcategories&post=4998"},{"taxonomy":"post_tag","embeddable":true,"href":"https:\/\/tv.utalca.cl\/index.php?rest_route=%2Fwp%2Fv2%2Ftags&post=4998"}],"curies":[{"name":"wp","href":"https:\/\/api.w.org\/{rel}","templated":true}]}}