{"id":5082,"date":"2020-03-19T15:14:54","date_gmt":"2020-03-19T15:14:54","guid":{"rendered":"https:\/\/tv.utalca.cl\/?p=5082"},"modified":"2025-04-11T13:01:34","modified_gmt":"2025-04-11T17:01:34","slug":"como-fomentar-lavado-de-manos-en-ninos","status":"publish","type":"post","link":"https:\/\/tv.utalca.cl\/?p=5082","title":{"rendered":"\u00bfC\u00f3mo fomentar lavado de manos en ni\u00f1os?"},"content":{"rendered":"<p>Pablo L\u00f3pez, coordinador acad\u00e9mico de la Escuela de Terapia Ocupacional UTalca nos ense\u00f1a una did\u00e1ctica t\u00e9cnica para que los ni\u00f1os se laven sus manos recurrentemente.<\/p>\n","protected":false},"excerpt":{"rendered":"<p>Pablo L\u00f3pez, coordinador acad\u00e9mico de la Escuela de Terapia Ocupacional UTalca nos ense\u00f1a una did\u00e1ctica t\u00e9cnica para que los ni\u00f1os se laven sus manos recurrentemente.<\/p>\n","protected":false},"author":1,"featured_media":5083,"comment_status":"closed","ping_status":"open","sticky":false,"template":"","format":"video","meta":{"om_disable_all_campaigns":false,"_monsterinsights_skip_tracking":false,"_monsterinsights_sitenote_active":false,"_monsterinsights_sitenote_note":"","_monsterinsights_sitenote_category":0,"footnotes":""},"categories":[1099,1326,1154,1334],"tags":[1267,1324,1306,303,1336,239,1338,70],"class_list":["post-5082","post","type-post","status-publish","format-video","has-post-thumbnail","hentry","category-comprometidos-con-la-comunidad","category-coronavirus","category-expertos-utalca","category-quedate-en-casa","tag-coronavirus","tag-cuarentena","tag-lavado-de-manos","tag-ninos","tag-quedate-en-casa","tag-talca","tag-terapia-ocupacional","tag-utalca","post_format-post-format-video","slider-tags-capsulas","slider-tags-slider"],"aioseo_notices":[],"_links":{"self":[{"href":"https:\/\/tv.utalca.cl\/index.php?rest_route=\/wp\/v2\/posts\/5082","targetHints":{"allow":["GET"]}}],"collection":[{"href":"https:\/\/tv.utalca.cl\/index.php?rest_route=\/wp\/v2\/posts"}],"about":[{"href":"https:\/\/tv.utalca.cl\/index.php?rest_route=\/wp\/v2\/types\/post"}],"author":[{"embeddable":true,"href":"https:\/\/tv.utalca.cl\/index.php?rest_route=\/wp\/v2\/users\/1"}],"replies":[{"embeddable":true,"href":"https:\/\/tv.utalca.cl\/index.php?rest_route=%2Fwp%2Fv2%2Fcomments&post=5082"}],"version-history":[{"count":1,"href":"https:\/\/tv.utalca.cl\/index.php?rest_route=\/wp\/v2\/posts\/5082\/revisions"}],"predecessor-version":[{"id":5084,"href":"https:\/\/tv.utalca.cl\/index.php?rest_route=\/wp\/v2\/posts\/5082\/revisions\/5084"}],"wp:featuredmedia":[{"embeddable":true,"href":"https:\/\/tv.utalca.cl\/index.php?rest_route=\/wp\/v2\/media\/5083"}],"wp:attachment":[{"href":"https:\/\/tv.utalca.cl\/index.php?rest_route=%2Fwp%2Fv2%2Fmedia&parent=5082"}],"wp:term":[{"taxonomy":"category","embeddable":true,"href":"https:\/\/tv.utalca.cl\/index.php?rest_route=%2Fwp%2Fv2%2Fcategories&post=5082"},{"taxonomy":"post_tag","embeddable":true,"href":"https:\/\/tv.utalca.cl\/index.php?rest_route=%2Fwp%2Fv2%2Ftags&post=5082"}],"curies":[{"name":"wp","href":"https:\/\/api.w.org\/{rel}","templated":true}]}}