{"id":5102,"date":"2020-03-20T15:15:41","date_gmt":"2020-03-20T15:15:41","guid":{"rendered":"https:\/\/tv.utalca.cl\/?p=5102"},"modified":"2025-04-11T13:01:34","modified_gmt":"2025-04-11T17:01:34","slug":"llamado-a-ninos-ninas-y-adolescentes-del-maule","status":"publish","type":"post","link":"https:\/\/tv.utalca.cl\/?p=5102","title":{"rendered":"Llamado a ni\u00f1os, ni\u00f1as y adolescentes del Maule"},"content":{"rendered":"<p>Isaac Ravetllat, director del Centro de Estudios sobre Derechos de la Infancia y la Adolescencia (Cedia) UTalca, invita a todos los ni\u00f1os, ni\u00f1as y adolescentes de la Regi\u00f3n a enviar sus dudas, inquietudes, mensajes, relacionados a la actual cuarentena que est\u00e1n pasando junto a sus familias.<br \/>\n\u00bfD\u00f3nde?<br \/>\nFacebook:\u00a0<a class=\"profileLink\" href=\"https:\/\/www.facebook.com\/rupicl\/?__tn__=K-R&amp;eid=ARBM0nGWKOk1oR1TvzWcycVwDKxqUZv4KWLX-IoHDkrkaK-ojhdAi8DVLCbIu5KoppWgsZygpipDkcVG&amp;fref=mentions&amp;__xts__%5B0%5D=68.ARByQ2Rdb-cmGRQ2L3WYGLlJpNYitHjfCtyeFwDcTImTLqMdUihGV2ecTSoRtrY_wHobS0I5hL7gCt_qAh55FsCbrT4jWr6eFen95FBTbMtyUT1FUYDNaJy6PRRNKLdgBMfVmOEBD6XS2hBLnJl0h6K317cI8SGqGBdHF6UACgksjQmyqq7ne286KGX0_HM9RhOhhfabrwJpZi3Nn4ytR9A1ei27focmY1tdAE5LeyNYg9hcQLBdLzt7NHKnl6pdFcXMXQlrv4CM1syaanpO18zRHSlkU6XvfYm8SyWzku7to2PkAn6_BNSkGjNYGqoar3gQskG9HDGd6V3kAf3A-pIoO_CUstbjp5Hi7Q\" data-hovercard=\"\/ajax\/hovercard\/page.php?id=391370274976477&amp;extragetparams=%7B%22__tn__%22%3A%22%2CdK-R-R%22%2C%22eid%22%3A%22ARBM0nGWKOk1oR1TvzWcycVwDKxqUZv4KWLX-IoHDkrkaK-ojhdAi8DVLCbIu5KoppWgsZygpipDkcVG%22%2C%22fref%22%3A%22mentions%22%7D\" data-hovercard-prefer-more-content-show=\"1\">Red de Universidades Unidas Por La Infancia de Chile<\/a><br \/>\nTwitter: @rupicl<span class=\"text_exposed_show\"><br \/>\nInstagram: @rupichile<br \/>\nCorreo: rupichile@gmail.com<\/span><\/p>\n","protected":false},"excerpt":{"rendered":"<p>Isaac Ravetllat, director del Centro de Estudios sobre Derechos de la Infancia y la Adolescencia (Cedia) UTalca, invita a todos los ni\u00f1os, ni\u00f1as y adolescentes de la Regi\u00f3n a enviar sus dudas, inquietudes, mensajes, relacionados a la actual cuarentena que est\u00e1n pasando junto a sus familias. \u00bfD\u00f3nde? Facebook:\u00a0Red de Universidades Unidas Por La Infancia de [&hellip;]<\/p>\n","protected":false},"author":1,"featured_media":5103,"comment_status":"closed","ping_status":"open","sticky":false,"template":"","format":"video","meta":{"om_disable_all_campaigns":false,"_monsterinsights_skip_tracking":false,"_monsterinsights_sitenote_active":false,"_monsterinsights_sitenote_note":"","_monsterinsights_sitenote_category":0,"footnotes":""},"categories":[1099,1326,1154,1334],"tags":[1113,1164,1267,1305,1324,186,303,70],"class_list":["post-5102","post","type-post","status-publish","format-video","has-post-thumbnail","hentry","category-comprometidos-con-la-comunidad","category-coronavirus","category-expertos-utalca","category-quedate-en-casa","tag-adolescentes","tag-cedia","tag-coronavirus","tag-covid19","tag-cuarentena","tag-ninas","tag-ninos","tag-utalca","post_format-post-format-video","slider-tags-capsulas","slider-tags-slider"],"aioseo_notices":[],"_links":{"self":[{"href":"https:\/\/tv.utalca.cl\/index.php?rest_route=\/wp\/v2\/posts\/5102","targetHints":{"allow":["GET"]}}],"collection":[{"href":"https:\/\/tv.utalca.cl\/index.php?rest_route=\/wp\/v2\/posts"}],"about":[{"href":"https:\/\/tv.utalca.cl\/index.php?rest_route=\/wp\/v2\/types\/post"}],"author":[{"embeddable":true,"href":"https:\/\/tv.utalca.cl\/index.php?rest_route=\/wp\/v2\/users\/1"}],"replies":[{"embeddable":true,"href":"https:\/\/tv.utalca.cl\/index.php?rest_route=%2Fwp%2Fv2%2Fcomments&post=5102"}],"version-history":[{"count":1,"href":"https:\/\/tv.utalca.cl\/index.php?rest_route=\/wp\/v2\/posts\/5102\/revisions"}],"predecessor-version":[{"id":5104,"href":"https:\/\/tv.utalca.cl\/index.php?rest_route=\/wp\/v2\/posts\/5102\/revisions\/5104"}],"wp:featuredmedia":[{"embeddable":true,"href":"https:\/\/tv.utalca.cl\/index.php?rest_route=\/wp\/v2\/media\/5103"}],"wp:attachment":[{"href":"https:\/\/tv.utalca.cl\/index.php?rest_route=%2Fwp%2Fv2%2Fmedia&parent=5102"}],"wp:term":[{"taxonomy":"category","embeddable":true,"href":"https:\/\/tv.utalca.cl\/index.php?rest_route=%2Fwp%2Fv2%2Fcategories&post=5102"},{"taxonomy":"post_tag","embeddable":true,"href":"https:\/\/tv.utalca.cl\/index.php?rest_route=%2Fwp%2Fv2%2Ftags&post=5102"}],"curies":[{"name":"wp","href":"https:\/\/api.w.org\/{rel}","templated":true}]}}