{"id":5226,"date":"2020-03-27T13:20:28","date_gmt":"2020-03-27T13:20:28","guid":{"rendered":"https:\/\/tv.utalca.cl\/?p=5226"},"modified":"2025-04-11T13:01:30","modified_gmt":"2025-04-11T17:01:30","slug":"por-que-el-covid19-afecta-mas-a-adultos-mayores","status":"publish","type":"post","link":"https:\/\/tv.utalca.cl\/?p=5226","title":{"rendered":"\u00bfPor qu\u00e9 el Covid19 afecta m\u00e1s a adultos mayores?"},"content":{"rendered":"<p>Se lo preguntamos a Sergio Wehinger, acad\u00e9mico de la\u00a0Facultad de Ciencias de la Salud UTalca\u00a0y director del Mag\u00edster en Cs. Biom\u00e9dicas de la\u00a0Universidad de Talca.<\/p>\n","protected":false},"excerpt":{"rendered":"<p>Se lo preguntamos a Sergio Wehinger, acad\u00e9mico de la\u00a0Facultad de Ciencias de la Salud UTalca\u00a0y director del Mag\u00edster en Cs. Biom\u00e9dicas de la\u00a0Universidad de Talca.<\/p>\n","protected":false},"author":1,"featured_media":5227,"comment_status":"closed","ping_status":"open","sticky":false,"template":"","format":"video","meta":{"om_disable_all_campaigns":false,"_monsterinsights_skip_tracking":false,"_monsterinsights_sitenote_active":false,"_monsterinsights_sitenote_note":"","_monsterinsights_sitenote_category":0,"footnotes":""},"categories":[1099,1326,1154,1334],"tags":[68,1267,1305,1336,1372,70],"class_list":["post-5226","post","type-post","status-publish","format-video","has-post-thumbnail","hentry","category-comprometidos-con-la-comunidad","category-coronavirus","category-expertos-utalca","category-quedate-en-casa","tag-adultos-mayores","tag-coronavirus","tag-covid19","tag-quedate-en-casa","tag-sars-cov2","tag-utalca","post_format-post-format-video","slider-tags-capsulas","slider-tags-slider"],"aioseo_notices":[],"_links":{"self":[{"href":"https:\/\/tv.utalca.cl\/index.php?rest_route=\/wp\/v2\/posts\/5226","targetHints":{"allow":["GET"]}}],"collection":[{"href":"https:\/\/tv.utalca.cl\/index.php?rest_route=\/wp\/v2\/posts"}],"about":[{"href":"https:\/\/tv.utalca.cl\/index.php?rest_route=\/wp\/v2\/types\/post"}],"author":[{"embeddable":true,"href":"https:\/\/tv.utalca.cl\/index.php?rest_route=\/wp\/v2\/users\/1"}],"replies":[{"embeddable":true,"href":"https:\/\/tv.utalca.cl\/index.php?rest_route=%2Fwp%2Fv2%2Fcomments&post=5226"}],"version-history":[{"count":2,"href":"https:\/\/tv.utalca.cl\/index.php?rest_route=\/wp\/v2\/posts\/5226\/revisions"}],"predecessor-version":[{"id":5229,"href":"https:\/\/tv.utalca.cl\/index.php?rest_route=\/wp\/v2\/posts\/5226\/revisions\/5229"}],"wp:featuredmedia":[{"embeddable":true,"href":"https:\/\/tv.utalca.cl\/index.php?rest_route=\/wp\/v2\/media\/5227"}],"wp:attachment":[{"href":"https:\/\/tv.utalca.cl\/index.php?rest_route=%2Fwp%2Fv2%2Fmedia&parent=5226"}],"wp:term":[{"taxonomy":"category","embeddable":true,"href":"https:\/\/tv.utalca.cl\/index.php?rest_route=%2Fwp%2Fv2%2Fcategories&post=5226"},{"taxonomy":"post_tag","embeddable":true,"href":"https:\/\/tv.utalca.cl\/index.php?rest_route=%2Fwp%2Fv2%2Ftags&post=5226"}],"curies":[{"name":"wp","href":"https:\/\/api.w.org\/{rel}","templated":true}]}}