{"id":5236,"date":"2020-03-27T17:03:03","date_gmt":"2020-03-27T17:03:03","guid":{"rendered":"https:\/\/tv.utalca.cl\/?p=5236"},"modified":"2025-04-11T13:01:30","modified_gmt":"2025-04-11T17:01:30","slug":"explicacion-dictamen-direccion-del-trabajo-por-covid19","status":"publish","type":"post","link":"https:\/\/tv.utalca.cl\/?p=5236","title":{"rendered":"Explicaci\u00f3n dictamen Direcci\u00f3n del Trabajo por Covid19"},"content":{"rendered":"<p>La Direcci\u00f3n del Trabajo emiti\u00f3 un dictamen que explica c\u00f3mo se mantiene el v\u00ednculo laboral entre empleador y trabajador durante una cuarentena.<br \/>\nEl abogado Rodrigo Palomo, director\u00a0<a class=\"profileLink\" href=\"https:\/\/www.facebook.com\/CENTRASS\/?__tn__=K-R&amp;eid=ARBM1xrmAz-EC7hYjuYabgeE2vB_U06Jb4Yde2Cm3mZ_BjEb6f5oqBAGfDpCgNrclNlvqU6vZ8XiDfm4&amp;fref=mentions&amp;__xts__%5B0%5D=68.ARDsO52H-hxvuMY7O2GZrBza28iqlt5TpmgCkXLTywdPdTFouBm3qijsNODGNIr36b1m0d7LOO9yND4je1p2vMYtRWjWzLKICRmdb1YUJtYpb8163TkAVdp6k_yrVl9ZwZoCzCZXwuf_5sZtkRGVGYobANbPDXFwUYltF5VK8vDZbX0brLzOBO2QYtu-X1DtYUn1EoimEJpWziF5oK4JSwA6R-XeF_YoHEQm-CSN2riq2nh6mJRKBS1Le-rVJsYcl96m6obQV_1uhborTbx4EWTNfx3EfNh_jjnYlQYT2qTVUB8N53F38_1mdkdp_8Wq3mACO_D23B1qGYZ33WYq2Pb7EucWxlGBmk8\" data-hovercard=\"\/ajax\/hovercard\/page.php?id=1588558568079741&amp;extragetparams=%7B%22__tn__%22%3A%22%2CdK-R-R%22%2C%22eid%22%3A%22ARBM1xrmAz-EC7hYjuYabgeE2vB_U06Jb4Yde2Cm3mZ_BjEb6f5oqBAGfDpCgNrclNlvqU6vZ8XiDfm4%22%2C%22fref%22%3A%22mentions%22%7D\" data-hovercard-prefer-more-content-show=\"1\">Centro de Estudios de Derecho del Trabajo y de la Seguridad Social<\/a>\u00a0nos aclara dudas.<\/p>\n","protected":false},"excerpt":{"rendered":"<p>La Direcci\u00f3n del Trabajo emiti\u00f3 un dictamen que explica c\u00f3mo se mantiene el v\u00ednculo laboral entre empleador y trabajador durante una cuarentena. El abogado Rodrigo Palomo, director\u00a0Centro de Estudios de Derecho del Trabajo y de la Seguridad Social\u00a0nos aclara dudas.<\/p>\n","protected":false},"author":1,"featured_media":5237,"comment_status":"closed","ping_status":"open","sticky":false,"template":"","format":"video","meta":{"om_disable_all_campaigns":false,"_monsterinsights_skip_tracking":false,"_monsterinsights_sitenote_active":false,"_monsterinsights_sitenote_note":"","_monsterinsights_sitenote_category":0,"footnotes":""},"categories":[1099,1326,1154,1334],"tags":[1187,1267,1305,1324,716,1377,711,70],"class_list":["post-5236","post","type-post","status-publish","format-video","has-post-thumbnail","hentry","category-comprometidos-con-la-comunidad","category-coronavirus","category-expertos-utalca","category-quedate-en-casa","tag-centrass","tag-coronavirus","tag-covid19","tag-cuarentena","tag-derecho","tag-direccion-del-trabajo","tag-laboral","tag-utalca","post_format-post-format-video","slider-tags-capsulas","slider-tags-slider"],"aioseo_notices":[],"_links":{"self":[{"href":"https:\/\/tv.utalca.cl\/index.php?rest_route=\/wp\/v2\/posts\/5236","targetHints":{"allow":["GET"]}}],"collection":[{"href":"https:\/\/tv.utalca.cl\/index.php?rest_route=\/wp\/v2\/posts"}],"about":[{"href":"https:\/\/tv.utalca.cl\/index.php?rest_route=\/wp\/v2\/types\/post"}],"author":[{"embeddable":true,"href":"https:\/\/tv.utalca.cl\/index.php?rest_route=\/wp\/v2\/users\/1"}],"replies":[{"embeddable":true,"href":"https:\/\/tv.utalca.cl\/index.php?rest_route=%2Fwp%2Fv2%2Fcomments&post=5236"}],"version-history":[{"count":1,"href":"https:\/\/tv.utalca.cl\/index.php?rest_route=\/wp\/v2\/posts\/5236\/revisions"}],"predecessor-version":[{"id":5238,"href":"https:\/\/tv.utalca.cl\/index.php?rest_route=\/wp\/v2\/posts\/5236\/revisions\/5238"}],"wp:featuredmedia":[{"embeddable":true,"href":"https:\/\/tv.utalca.cl\/index.php?rest_route=\/wp\/v2\/media\/5237"}],"wp:attachment":[{"href":"https:\/\/tv.utalca.cl\/index.php?rest_route=%2Fwp%2Fv2%2Fmedia&parent=5236"}],"wp:term":[{"taxonomy":"category","embeddable":true,"href":"https:\/\/tv.utalca.cl\/index.php?rest_route=%2Fwp%2Fv2%2Fcategories&post=5236"},{"taxonomy":"post_tag","embeddable":true,"href":"https:\/\/tv.utalca.cl\/index.php?rest_route=%2Fwp%2Fv2%2Ftags&post=5236"}],"curies":[{"name":"wp","href":"https:\/\/api.w.org\/{rel}","templated":true}]}}