{"id":5249,"date":"2020-03-30T13:15:34","date_gmt":"2020-03-30T13:15:34","guid":{"rendered":"https:\/\/tv.utalca.cl\/?p=5249"},"modified":"2025-04-11T13:01:30","modified_gmt":"2025-04-11T17:01:30","slug":"adultos-mayores-y-enfermedades-respiratorias","status":"publish","type":"post","link":"https:\/\/tv.utalca.cl\/?p=5249","title":{"rendered":"Adultos mayores y enfermedades respiratorias"},"content":{"rendered":"<p>\u00bfPor qu\u00e9 los adultos mayores desarrollan m\u00e1s enfermedades respiratorias? Nos explica Iv\u00e1n Palomo, acad\u00e9mico de la Facultad de Ciencias de la Salud UTalca y director Centro de Investigaci\u00f3n en Trombosis UTalca.<\/p>\n","protected":false},"excerpt":{"rendered":"<p>\u00bfPor qu\u00e9 los adultos mayores desarrollan m\u00e1s enfermedades respiratorias? Nos explica Iv\u00e1n Palomo, acad\u00e9mico de la Facultad de Ciencias de la Salud UTalca y director Centro de Investigaci\u00f3n en Trombosis UTalca.<\/p>\n","protected":false},"author":1,"featured_media":5250,"comment_status":"closed","ping_status":"open","sticky":false,"template":"","format":"video","meta":{"om_disable_all_campaigns":false,"_monsterinsights_skip_tracking":false,"_monsterinsights_sitenote_active":false,"_monsterinsights_sitenote_note":"","_monsterinsights_sitenote_category":0,"footnotes":""},"categories":[1099,1326,1154,1334],"tags":[68,1267,1305,1380,70],"class_list":["post-5249","post","type-post","status-publish","format-video","has-post-thumbnail","hentry","category-comprometidos-con-la-comunidad","category-coronavirus","category-expertos-utalca","category-quedate-en-casa","tag-adultos-mayores","tag-coronavirus","tag-covid19","tag-enfermedades-respiratorias","tag-utalca","post_format-post-format-video","slider-tags-capsulas"],"aioseo_notices":[],"_links":{"self":[{"href":"https:\/\/tv.utalca.cl\/index.php?rest_route=\/wp\/v2\/posts\/5249","targetHints":{"allow":["GET"]}}],"collection":[{"href":"https:\/\/tv.utalca.cl\/index.php?rest_route=\/wp\/v2\/posts"}],"about":[{"href":"https:\/\/tv.utalca.cl\/index.php?rest_route=\/wp\/v2\/types\/post"}],"author":[{"embeddable":true,"href":"https:\/\/tv.utalca.cl\/index.php?rest_route=\/wp\/v2\/users\/1"}],"replies":[{"embeddable":true,"href":"https:\/\/tv.utalca.cl\/index.php?rest_route=%2Fwp%2Fv2%2Fcomments&post=5249"}],"version-history":[{"count":1,"href":"https:\/\/tv.utalca.cl\/index.php?rest_route=\/wp\/v2\/posts\/5249\/revisions"}],"predecessor-version":[{"id":5251,"href":"https:\/\/tv.utalca.cl\/index.php?rest_route=\/wp\/v2\/posts\/5249\/revisions\/5251"}],"wp:featuredmedia":[{"embeddable":true,"href":"https:\/\/tv.utalca.cl\/index.php?rest_route=\/wp\/v2\/media\/5250"}],"wp:attachment":[{"href":"https:\/\/tv.utalca.cl\/index.php?rest_route=%2Fwp%2Fv2%2Fmedia&parent=5249"}],"wp:term":[{"taxonomy":"category","embeddable":true,"href":"https:\/\/tv.utalca.cl\/index.php?rest_route=%2Fwp%2Fv2%2Fcategories&post=5249"},{"taxonomy":"post_tag","embeddable":true,"href":"https:\/\/tv.utalca.cl\/index.php?rest_route=%2Fwp%2Fv2%2Ftags&post=5249"}],"curies":[{"name":"wp","href":"https:\/\/api.w.org\/{rel}","templated":true}]}}