{"id":5298,"date":"2020-03-31T20:07:39","date_gmt":"2020-03-31T20:07:39","guid":{"rendered":"https:\/\/tv.utalca.cl\/?p=5298"},"modified":"2025-04-11T13:01:28","modified_gmt":"2025-04-11T17:01:28","slug":"sede-laboral-causal-de-despido-por-caso-fortuito-o-fuerza-mayor-asociado-al-covid-19","status":"publish","type":"post","link":"https:\/\/tv.utalca.cl\/?p=5298","title":{"rendered":"Sede Laboral: Causal de despido por caso fortuito o fuerza mayor asociado al Covid-19"},"content":{"rendered":"<p>Las repercusiones laborales por el coronavirus han sido fuertes en el mundo y nuestro pa\u00eds. En este cap\u00edtulo analizamos t\u00e9rminos de contrato, posibles indemnizaciones, entre otros temas. Rodrigo Palomo, director Centrass Utalca, entrevista al abogado \u00c1lvaro Dom\u00ednguez, doctor en derecho y acad\u00e9mico en derecho del trabajo de la Universidad de Concepci\u00f3n.<\/p>\n","protected":false},"excerpt":{"rendered":"<p>Las repercusiones laborales por el coronavirus han sido fuertes en el mundo y nuestro pa\u00eds. En este cap\u00edtulo analizamos t\u00e9rminos de contrato, posibles indemnizaciones, entre otros temas. Rodrigo Palomo, director Centrass Utalca, entrevista al abogado \u00c1lvaro Dom\u00ednguez, doctor en derecho y acad\u00e9mico en derecho del trabajo de la Universidad de Concepci\u00f3n.<\/p>\n","protected":false},"author":1,"featured_media":5299,"comment_status":"closed","ping_status":"open","sticky":false,"template":"","format":"video","meta":{"om_disable_all_campaigns":false,"_monsterinsights_skip_tracking":false,"_monsterinsights_sitenote_active":false,"_monsterinsights_sitenote_note":"","_monsterinsights_sitenote_category":0,"footnotes":""},"categories":[112,1396],"tags":[1267,1305,716,1398,711,1397,708,70],"class_list":["post-5298","post","type-post","status-publish","format-video","has-post-thumbnail","hentry","category-programa","category-sede-laboral","tag-coronavirus","tag-covid19","tag-derecho","tag-despidos","tag-laboral","tag-sede-laboral","tag-trabajo","tag-utalca","post_format-post-format-video","slider-tags-sede-laboral"],"aioseo_notices":[],"_links":{"self":[{"href":"https:\/\/tv.utalca.cl\/index.php?rest_route=\/wp\/v2\/posts\/5298","targetHints":{"allow":["GET"]}}],"collection":[{"href":"https:\/\/tv.utalca.cl\/index.php?rest_route=\/wp\/v2\/posts"}],"about":[{"href":"https:\/\/tv.utalca.cl\/index.php?rest_route=\/wp\/v2\/types\/post"}],"author":[{"embeddable":true,"href":"https:\/\/tv.utalca.cl\/index.php?rest_route=\/wp\/v2\/users\/1"}],"replies":[{"embeddable":true,"href":"https:\/\/tv.utalca.cl\/index.php?rest_route=%2Fwp%2Fv2%2Fcomments&post=5298"}],"version-history":[{"count":1,"href":"https:\/\/tv.utalca.cl\/index.php?rest_route=\/wp\/v2\/posts\/5298\/revisions"}],"predecessor-version":[{"id":5300,"href":"https:\/\/tv.utalca.cl\/index.php?rest_route=\/wp\/v2\/posts\/5298\/revisions\/5300"}],"wp:featuredmedia":[{"embeddable":true,"href":"https:\/\/tv.utalca.cl\/index.php?rest_route=\/wp\/v2\/media\/5299"}],"wp:attachment":[{"href":"https:\/\/tv.utalca.cl\/index.php?rest_route=%2Fwp%2Fv2%2Fmedia&parent=5298"}],"wp:term":[{"taxonomy":"category","embeddable":true,"href":"https:\/\/tv.utalca.cl\/index.php?rest_route=%2Fwp%2Fv2%2Fcategories&post=5298"},{"taxonomy":"post_tag","embeddable":true,"href":"https:\/\/tv.utalca.cl\/index.php?rest_route=%2Fwp%2Fv2%2Ftags&post=5298"}],"curies":[{"name":"wp","href":"https:\/\/api.w.org\/{rel}","templated":true}]}}