{"id":5305,"date":"2020-04-01T15:05:30","date_gmt":"2020-04-01T15:05:30","guid":{"rendered":"https:\/\/tv.utalca.cl\/?p=5305"},"modified":"2025-04-11T13:01:28","modified_gmt":"2025-04-11T17:01:28","slug":"bono-y-medidas-del-gobierno-por-covid-19","status":"publish","type":"post","link":"https:\/\/tv.utalca.cl\/?p=5305","title":{"rendered":"Bono y medidas del Gobierno por Covid-19"},"content":{"rendered":"<p>\u00bfEn qu\u00e9 consisten las medidas y bonos que anunci\u00f3 el Gobierno por la contingencia Covid-19?<br \/>\nNos explica Andr\u00e9s Riquelme, acad\u00e9mico de la Facultad de Econom\u00eda y Negocios de la\u00a0<a class=\"profileLink\" href=\"https:\/\/www.facebook.com\/utalca\/?__tn__=K-R&amp;eid=ARCqCYZejafEftnuepe0Zi0wnxl2tXy8PREzVNNcg6a29HYCRyy6tXdbu3rEznIMON6EdA-v2nDvk6vR&amp;fref=mentions&amp;__xts__%5B0%5D=68.ARCyLnkG4VznbtHrL4vV_j1RmCK9x5vT_KMx74ZCzph3XQ1L8lkpA8VqFj27Ez9gOtSusGQWAYKpFhS0xRAbBSeXYqjBSL7OAY9-jP25TNh4xFhv3ElRvJ3oMNN6dg-QkuidlpUPUd67VQultzZWLv7o4puXlpFMhXynkMzbkE9dbih7P8uItl_xER4IHfjc5UjgQp8Ct6bTKy3kZ9kXr_t5CghSHwL1bA0d5fROAq9TVkA7QDFQgGF00cwoupGcA2-B4KBDpPqxoyG5eN__FG_oOTXsTlZlOPrvEaSVhLMCbdeblmKo-uvCaTBPgpA3km_Tjsj6AKrZR9PAxoqTfYPW62J343xj1I8\" data-hovercard=\"\/ajax\/hovercard\/page.php?id=112694668787055&amp;extragetparams=%7B%22__tn__%22%3A%22%2CdK-R-R%22%2C%22eid%22%3A%22ARCqCYZejafEftnuepe0Zi0wnxl2tXy8PREzVNNcg6a29HYCRyy6tXdbu3rEznIMON6EdA-v2nDvk6vR%22%2C%22fref%22%3A%22mentions%22%7D\" data-hovercard-prefer-more-content-show=\"1\">Universidad de Talca<\/a><\/p>\n","protected":false},"excerpt":{"rendered":"<p>\u00bfEn qu\u00e9 consisten las medidas y bonos que anunci\u00f3 el Gobierno por la contingencia Covid-19? Nos explica Andr\u00e9s Riquelme, acad\u00e9mico de la Facultad de Econom\u00eda y Negocios de la\u00a0Universidad de Talca<\/p>\n","protected":false},"author":1,"featured_media":5306,"comment_status":"closed","ping_status":"open","sticky":false,"template":"","format":"video","meta":{"om_disable_all_campaigns":false,"_monsterinsights_skip_tracking":false,"_monsterinsights_sitenote_active":false,"_monsterinsights_sitenote_note":"","_monsterinsights_sitenote_category":0,"footnotes":""},"categories":[1099,1326,1154,1334],"tags":[1399,1267,1305,695,531,1121,1336],"class_list":["post-5305","post","type-post","status-publish","format-video","has-post-thumbnail","hentry","category-comprometidos-con-la-comunidad","category-coronavirus","category-expertos-utalca","category-quedate-en-casa","tag-bono","tag-coronavirus","tag-covid19","tag-economia","tag-fen-utalca","tag-pyme","tag-quedate-en-casa","post_format-post-format-video","slider-tags-capsulas"],"aioseo_notices":[],"_links":{"self":[{"href":"https:\/\/tv.utalca.cl\/index.php?rest_route=\/wp\/v2\/posts\/5305","targetHints":{"allow":["GET"]}}],"collection":[{"href":"https:\/\/tv.utalca.cl\/index.php?rest_route=\/wp\/v2\/posts"}],"about":[{"href":"https:\/\/tv.utalca.cl\/index.php?rest_route=\/wp\/v2\/types\/post"}],"author":[{"embeddable":true,"href":"https:\/\/tv.utalca.cl\/index.php?rest_route=\/wp\/v2\/users\/1"}],"replies":[{"embeddable":true,"href":"https:\/\/tv.utalca.cl\/index.php?rest_route=%2Fwp%2Fv2%2Fcomments&post=5305"}],"version-history":[{"count":1,"href":"https:\/\/tv.utalca.cl\/index.php?rest_route=\/wp\/v2\/posts\/5305\/revisions"}],"predecessor-version":[{"id":5307,"href":"https:\/\/tv.utalca.cl\/index.php?rest_route=\/wp\/v2\/posts\/5305\/revisions\/5307"}],"wp:featuredmedia":[{"embeddable":true,"href":"https:\/\/tv.utalca.cl\/index.php?rest_route=\/wp\/v2\/media\/5306"}],"wp:attachment":[{"href":"https:\/\/tv.utalca.cl\/index.php?rest_route=%2Fwp%2Fv2%2Fmedia&parent=5305"}],"wp:term":[{"taxonomy":"category","embeddable":true,"href":"https:\/\/tv.utalca.cl\/index.php?rest_route=%2Fwp%2Fv2%2Fcategories&post=5305"},{"taxonomy":"post_tag","embeddable":true,"href":"https:\/\/tv.utalca.cl\/index.php?rest_route=%2Fwp%2Fv2%2Ftags&post=5305"}],"curies":[{"name":"wp","href":"https:\/\/api.w.org\/{rel}","templated":true}]}}