{"id":5308,"date":"2020-04-01T15:08:11","date_gmt":"2020-04-01T15:08:11","guid":{"rendered":"https:\/\/tv.utalca.cl\/?p=5308"},"modified":"2025-04-11T13:01:28","modified_gmt":"2025-04-11T17:01:28","slug":"sede-laboral-quienes-tienen-derecho-a-licencias-medicas-por-covid-19","status":"publish","type":"post","link":"https:\/\/tv.utalca.cl\/?p=5308","title":{"rendered":"Sede Laboral: \u00bfQui\u00e9nes tienen derecho a licencias m\u00e9dicas por Covid-19?"},"content":{"rendered":"<p>En este cap\u00edtulo conversaremos sobre derecho a licencias m\u00e9dicas por Covid-19 junto al abogado Rodrigo Palomo, director Centro de Estudios de Derecho del Trabajo y de la Seguridad Social y Mar\u00eda Soledad Jofr\u00e9, mag\u00edster en Derecho del Trabajo y de la Seguridad Social.<\/p>\n","protected":false},"excerpt":{"rendered":"<p>En este cap\u00edtulo conversaremos sobre derecho a licencias m\u00e9dicas por Covid-19 junto al abogado Rodrigo Palomo, director Centro de Estudios de Derecho del Trabajo y de la Seguridad Social y Mar\u00eda Soledad Jofr\u00e9, mag\u00edster en Derecho del Trabajo y de la Seguridad Social.<\/p>\n","protected":false},"author":1,"featured_media":5309,"comment_status":"closed","ping_status":"open","sticky":false,"template":"","format":"video","meta":{"om_disable_all_campaigns":false,"_monsterinsights_skip_tracking":false,"_monsterinsights_sitenote_active":false,"_monsterinsights_sitenote_note":"","_monsterinsights_sitenote_category":0,"footnotes":""},"categories":[112,1396],"tags":[620,1267,1305,320,1397,70],"class_list":["post-5308","post","type-post","status-publish","format-video","has-post-thumbnail","hentry","category-programa","category-sede-laboral","tag-campustv","tag-coronavirus","tag-covid19","tag-facultad-de-ciencias-juridicas-y-sociales","tag-sede-laboral","tag-utalca","post_format-post-format-video","slider-tags-sede-laboral","slider-tags-slider"],"aioseo_notices":[],"_links":{"self":[{"href":"https:\/\/tv.utalca.cl\/index.php?rest_route=\/wp\/v2\/posts\/5308","targetHints":{"allow":["GET"]}}],"collection":[{"href":"https:\/\/tv.utalca.cl\/index.php?rest_route=\/wp\/v2\/posts"}],"about":[{"href":"https:\/\/tv.utalca.cl\/index.php?rest_route=\/wp\/v2\/types\/post"}],"author":[{"embeddable":true,"href":"https:\/\/tv.utalca.cl\/index.php?rest_route=\/wp\/v2\/users\/1"}],"replies":[{"embeddable":true,"href":"https:\/\/tv.utalca.cl\/index.php?rest_route=%2Fwp%2Fv2%2Fcomments&post=5308"}],"version-history":[{"count":2,"href":"https:\/\/tv.utalca.cl\/index.php?rest_route=\/wp\/v2\/posts\/5308\/revisions"}],"predecessor-version":[{"id":5311,"href":"https:\/\/tv.utalca.cl\/index.php?rest_route=\/wp\/v2\/posts\/5308\/revisions\/5311"}],"wp:featuredmedia":[{"embeddable":true,"href":"https:\/\/tv.utalca.cl\/index.php?rest_route=\/wp\/v2\/media\/5309"}],"wp:attachment":[{"href":"https:\/\/tv.utalca.cl\/index.php?rest_route=%2Fwp%2Fv2%2Fmedia&parent=5308"}],"wp:term":[{"taxonomy":"category","embeddable":true,"href":"https:\/\/tv.utalca.cl\/index.php?rest_route=%2Fwp%2Fv2%2Fcategories&post=5308"},{"taxonomy":"post_tag","embeddable":true,"href":"https:\/\/tv.utalca.cl\/index.php?rest_route=%2Fwp%2Fv2%2Ftags&post=5308"}],"curies":[{"name":"wp","href":"https:\/\/api.w.org\/{rel}","templated":true}]}}