{"id":5339,"date":"2020-04-02T16:19:25","date_gmt":"2020-04-02T16:19:25","guid":{"rendered":"https:\/\/tv.utalca.cl\/?p=5339"},"modified":"2025-04-11T13:01:28","modified_gmt":"2025-04-11T17:01:28","slug":"por-que-es-tan-importante-el-distanciamiento-social","status":"publish","type":"post","link":"https:\/\/tv.utalca.cl\/?p=5339","title":{"rendered":"\u00bfPor qu\u00e9 es tan importante el distanciamiento social?"},"content":{"rendered":"<p>\u00bfCu\u00e1les son las recomendaciones para realizar esto? Nos explica Erika Bu\u00f1ay, acad\u00e9mica del Departamento de\u00a0<a class=\"profileLink\" href=\"https:\/\/www.facebook.com\/Salud-P%C3%BAblica-UTalca-2360121334210089\/?__tn__=K-R&amp;eid=ARDp7wsYyVfLsb3k5T4OkODAghBUkhJzVKIqShAffbdVo5o11mkMm9MqoS10iM9lbdeeyY2wEmb-sWyr&amp;fref=mentions&amp;__xts__%5B0%5D=68.ARArBiN7y4JWhKUF9nXRyNgmbF8zRobfWlM1NEpXHzq23Ux8WurXB2oOL4MqAdx83BfBxC9Wp2oJ40EQKXt3VkMWd2I3xFfOHercOwzLVMMCsT41dyxA6687TUHEWPIeCBAu_VRiszB4S6ULYb0PCuqcSHSVFR2A1YArckyXQws-m1AX32aoVLglYJQsvYUvpOOQs4BFr2N_JjHamyYX_5pSDUffGxCzkmZziNF4Q1Kg23Nrr8sVT5Aqqk37UhpmpT6r9Ws6cNnwgDw9WfhYyc64DYshkQsI2Vwhs-t3Ntr5tybtvZu9nQ42JjQAPDnykueNbzep8264b5CPi6cRh0RrKn7cnyGmjsg\" data-hovercard=\"\/ajax\/hovercard\/page.php?id=2360121334210089&amp;extragetparams=%7B%22__tn__%22%3A%22%2CdK-R-R%22%2C%22eid%22%3A%22ARDp7wsYyVfLsb3k5T4OkODAghBUkhJzVKIqShAffbdVo5o11mkMm9MqoS10iM9lbdeeyY2wEmb-sWyr%22%2C%22fref%22%3A%22mentions%22%7D\" data-hovercard-prefer-more-content-show=\"1\">Salud P\u00fablica UTalca<\/a>.<\/p>\n","protected":false},"excerpt":{"rendered":"<p>\u00bfCu\u00e1les son las recomendaciones para realizar esto? Nos explica Erika Bu\u00f1ay, acad\u00e9mica del Departamento de\u00a0Salud P\u00fablica UTalca.<\/p>\n","protected":false},"author":1,"featured_media":5340,"comment_status":"closed","ping_status":"open","sticky":false,"template":"","format":"video","meta":{"om_disable_all_campaigns":false,"_monsterinsights_skip_tracking":false,"_monsterinsights_sitenote_active":false,"_monsterinsights_sitenote_note":"","_monsterinsights_sitenote_category":0,"footnotes":""},"categories":[1099,1326,1154,1334],"tags":[1417,1103,1267,1305,1324,70],"class_list":["post-5339","post","type-post","status-publish","format-video","has-post-thumbnail","hentry","category-comprometidos-con-la-comunidad","category-coronavirus","category-expertos-utalca","category-quedate-en-casa","tag-aislamiento-social","tag-comprometidos-con-la-comunidad","tag-coronavirus","tag-covid19","tag-cuarentena","tag-utalca","post_format-post-format-video","slider-tags-capsulas"],"aioseo_notices":[],"_links":{"self":[{"href":"https:\/\/tv.utalca.cl\/index.php?rest_route=\/wp\/v2\/posts\/5339","targetHints":{"allow":["GET"]}}],"collection":[{"href":"https:\/\/tv.utalca.cl\/index.php?rest_route=\/wp\/v2\/posts"}],"about":[{"href":"https:\/\/tv.utalca.cl\/index.php?rest_route=\/wp\/v2\/types\/post"}],"author":[{"embeddable":true,"href":"https:\/\/tv.utalca.cl\/index.php?rest_route=\/wp\/v2\/users\/1"}],"replies":[{"embeddable":true,"href":"https:\/\/tv.utalca.cl\/index.php?rest_route=%2Fwp%2Fv2%2Fcomments&post=5339"}],"version-history":[{"count":1,"href":"https:\/\/tv.utalca.cl\/index.php?rest_route=\/wp\/v2\/posts\/5339\/revisions"}],"predecessor-version":[{"id":5341,"href":"https:\/\/tv.utalca.cl\/index.php?rest_route=\/wp\/v2\/posts\/5339\/revisions\/5341"}],"wp:featuredmedia":[{"embeddable":true,"href":"https:\/\/tv.utalca.cl\/index.php?rest_route=\/wp\/v2\/media\/5340"}],"wp:attachment":[{"href":"https:\/\/tv.utalca.cl\/index.php?rest_route=%2Fwp%2Fv2%2Fmedia&parent=5339"}],"wp:term":[{"taxonomy":"category","embeddable":true,"href":"https:\/\/tv.utalca.cl\/index.php?rest_route=%2Fwp%2Fv2%2Fcategories&post=5339"},{"taxonomy":"post_tag","embeddable":true,"href":"https:\/\/tv.utalca.cl\/index.php?rest_route=%2Fwp%2Fv2%2Ftags&post=5339"}],"curies":[{"name":"wp","href":"https:\/\/api.w.org\/{rel}","templated":true}]}}