{"id":5345,"date":"2020-04-02T21:45:03","date_gmt":"2020-04-02T21:45:03","guid":{"rendered":"https:\/\/tv.utalca.cl\/?p=5345"},"modified":"2025-04-11T13:01:27","modified_gmt":"2025-04-11T17:01:27","slug":"hoy-es-el-dia-mundial-de-concienciacion-sobre-el-autismo","status":"publish","type":"post","link":"https:\/\/tv.utalca.cl\/?p=5345","title":{"rendered":"Hoy es el D\u00eda Mundial de Concienciaci\u00f3n sobre el Autismo"},"content":{"rendered":"<p>&#8220;Como fonoaudi\u00f3logos y fonoaudi\u00f3logas nuestra misi\u00f3n es facilitar la comunicaci\u00f3n de las personas que han sido diagnosticadas con esta condici\u00f3n&#8221;, Jos\u00e9 Sazo, acad\u00e9mico de la\u00a0<a class=\"profileLink\" href=\"https:\/\/www.facebook.com\/fonoutalca\/?__tn__=K-R&amp;eid=ARDr9pFACFGP_Gv_af4q3mY65mC21pPZOzX_7HM1ekySfkBYSY_nr0Od1AHTusfbwMV0HEDpnwrY9QXj&amp;fref=mentions&amp;__xts__%5B0%5D=68.ARBsHYgKhH3jQWPSiAd3eyeeJZa100dSvO047awjWYKrZMrvuPBnb9xMiqmFLzLwL_BDtET-0fAyTjH5Jmcy-cZtkLhRSzZ2QeiDOw-9yd_zQFb4XWnwZPGI1d9V6GKvkH1WFiJ8615lEgBRmrLXOV5tDCZQovOYTchY3KoRJELhc87B_c7JSLw7ttNe7z0KZTB-UAhQ8MetxG6ZrX8LY8vCjjkyLFxApqTK3qchy1ZpaYivIVbkHtBe6MMsKfPdWyfIhLKLXRTCWqZucKUN7CrA6X1_OgSEZWw_FR2gu1sgbBNd4ik5XLpAnGBEdlKrK6QjW89gzl2aImNm7zXrLFP697sDNuPZQdk\" data-hovercard=\"\/ajax\/hovercard\/page.php?id=933538943384100&amp;extragetparams=%7B%22__tn__%22%3A%22%2CdK-R-R%22%2C%22eid%22%3A%22ARDr9pFACFGP_Gv_af4q3mY65mC21pPZOzX_7HM1ekySfkBYSY_nr0Od1AHTusfbwMV0HEDpnwrY9QXj%22%2C%22fref%22%3A%22mentions%22%7D\" data-hovercard-prefer-more-content-show=\"1\">Escuela de Fonoaudiolog\u00eda Universidad de Talca<\/a>.<\/p>\n","protected":false},"excerpt":{"rendered":"<p>&#8220;Como fonoaudi\u00f3logos y fonoaudi\u00f3logas nuestra misi\u00f3n es facilitar la comunicaci\u00f3n de las personas que han sido diagnosticadas con esta condici\u00f3n&#8221;, Jos\u00e9 Sazo, acad\u00e9mico de la\u00a0Escuela de Fonoaudiolog\u00eda Universidad de Talca.<\/p>\n","protected":false},"author":1,"featured_media":5347,"comment_status":"closed","ping_status":"open","sticky":false,"template":"","format":"video","meta":{"om_disable_all_campaigns":false,"_monsterinsights_skip_tracking":false,"_monsterinsights_sitenote_active":false,"_monsterinsights_sitenote_note":"","_monsterinsights_sitenote_category":0,"footnotes":""},"categories":[1099,1326,1154,1334],"tags":[590,592,119,70],"class_list":["post-5345","post","type-post","status-publish","format-video","has-post-thumbnail","hentry","category-comprometidos-con-la-comunidad","category-coronavirus","category-expertos-utalca","category-quedate-en-casa","tag-autismo","tag-dia-mundial-de-concientizacion-del-autismo","tag-fonoaudiologia","tag-utalca","post_format-post-format-video","slider-tags-capsulas","slider-tags-slider"],"aioseo_notices":[],"_links":{"self":[{"href":"https:\/\/tv.utalca.cl\/index.php?rest_route=\/wp\/v2\/posts\/5345","targetHints":{"allow":["GET"]}}],"collection":[{"href":"https:\/\/tv.utalca.cl\/index.php?rest_route=\/wp\/v2\/posts"}],"about":[{"href":"https:\/\/tv.utalca.cl\/index.php?rest_route=\/wp\/v2\/types\/post"}],"author":[{"embeddable":true,"href":"https:\/\/tv.utalca.cl\/index.php?rest_route=\/wp\/v2\/users\/1"}],"replies":[{"embeddable":true,"href":"https:\/\/tv.utalca.cl\/index.php?rest_route=%2Fwp%2Fv2%2Fcomments&post=5345"}],"version-history":[{"count":1,"href":"https:\/\/tv.utalca.cl\/index.php?rest_route=\/wp\/v2\/posts\/5345\/revisions"}],"predecessor-version":[{"id":5348,"href":"https:\/\/tv.utalca.cl\/index.php?rest_route=\/wp\/v2\/posts\/5345\/revisions\/5348"}],"wp:featuredmedia":[{"embeddable":true,"href":"https:\/\/tv.utalca.cl\/index.php?rest_route=\/wp\/v2\/media\/5347"}],"wp:attachment":[{"href":"https:\/\/tv.utalca.cl\/index.php?rest_route=%2Fwp%2Fv2%2Fmedia&parent=5345"}],"wp:term":[{"taxonomy":"category","embeddable":true,"href":"https:\/\/tv.utalca.cl\/index.php?rest_route=%2Fwp%2Fv2%2Fcategories&post=5345"},{"taxonomy":"post_tag","embeddable":true,"href":"https:\/\/tv.utalca.cl\/index.php?rest_route=%2Fwp%2Fv2%2Ftags&post=5345"}],"curies":[{"name":"wp","href":"https:\/\/api.w.org\/{rel}","templated":true}]}}