{"id":5361,"date":"2020-04-03T16:35:00","date_gmt":"2020-04-03T16:35:00","guid":{"rendered":"https:\/\/tv.utalca.cl\/?p=5361"},"modified":"2025-04-11T13:01:27","modified_gmt":"2025-04-11T17:01:27","slug":"que-leer-durante-esta-cuarentena","status":"publish","type":"post","link":"https:\/\/tv.utalca.cl\/?p=5361","title":{"rendered":"\u00bfQu\u00e9 leer durante esta cuarentena?"},"content":{"rendered":"<p>Claire Mercier, acad\u00e9mica del Instituto de Estudios Human\u00edsticos Juan Ignacio Molina UTalca, nos recomienda novelas relacionadas a pandemias.<\/p>\n<p>Albert Camus, La peste:\u00a0<a href=\"http:\/\/web.seducoahuila.gob.mx\/biblioweb\/upload\/Camus,%20Albert%20-%20La%20Peste.pdf?fbclid=IwAR1YRUtd2MLLkeVq8M1icOA7LqOvXEogr96nvV5E2H5By3EeGkv4gtV_xhQ\" target=\"_blank\" rel=\"noopener nofollow\" data-ft=\"{&quot;tn&quot;:&quot;-U&quot;}\" data-lynx-mode=\"async\" data-lynx-uri=\"https:\/\/l.facebook.com\/l.php?u=http%3A%2F%2Fweb.seducoahuila.gob.mx%2Fbiblioweb%2Fupload%2FCamus%2C%2520Albert%2520-%2520La%2520Peste.pdf%3Ffbclid%3DIwAR1YRUtd2MLLkeVq8M1icOA7LqOvXEogr96nvV5E2H5By3EeGkv4gtV_xhQ&amp;h=AT1REiThrxZDJ9KcMt9APa2BO1NU6-jELaKqWnEH3SS0RLvgLRwksvB7owRqPB7QYL1IB4CsUOQkn4cfR09QSzaAmNifTEnKFkY1_XmQ-fJzCy-k54xCBqf_xv21gRP77RiP1Pe2M7qI3zfN4bHLOiBsSQj-QsstBq7W5JuCyOjMQ5BOF4VE3Ubp3u1LhtLtsQxrFutvend16KO0gbNCGch0flYHhQ7oC-_GnJ--KnKbO4kwRVFJufiAScIwZUzqkRrh71L74oxhW17mJaRS_j-ELRtluyjjYaTuPPt7EhFjUDcUV-rUcxIlQv2UKPyeA4hL3ff_7kWvtuUVukwhbIEufBoOFcT49XlmPEywfgoGi9ky3nDApoiJCB_sAb8-JhhBjGhScA9FDfqyTDnfwyDcOMBZKngTq4vjSpP2gW3wdO98rPkMMeHQBrGcZeUElqEJtNW9GB2kzVULs_ZBuGIClgtpHKXVImrhSwCuAD0DcRZY5MOjHRZPBzhofaaJulGNd4ih5sjB8Z9esKVzNB5wr_qFLrCtkQvVVsUc2kU780rE7i42gg304Ao0Me703lU3UGNwi5ez14ChjaYeFl82QRq1d5mQI_lXso0iFHf1vTo-4gLHS5rk6kitVz6ZcQnRAwbcSg0ZyarVWzw\">http:\/\/web.seducoahuila.gob.mx\/\u2026\/Camus,%20Albert%20-%20La%2\u2026<\/a><\/p>\n<p>Giovanni Bocaccio, El Decamer\u00f3n:\u00a0<a href=\"http:\/\/www.ataun.eus\/BIBLIOTECAGRATUITA\/Cl%C3%A1sicos%20en%20Espa%C3%B1ol\/Giovanni%20Boccacio\/El%20Decameron.pdf?fbclid=IwAR23C5QF5QX9fMludTLQRnTijtFBhvraW0AKGt6clfTg9rjfd_PNiSxLAhU\" target=\"_blank\" rel=\"noopener nofollow\" data-ft=\"{&quot;tn&quot;:&quot;-U&quot;}\" data-lynx-mode=\"async\" data-lynx-uri=\"https:\/\/l.facebook.com\/l.php?u=http%3A%2F%2Fwww.ataun.eus%2FBIBLIOTECAGRATUITA%2FCl%25C3%25A1sicos%2520en%2520Espa%25C3%25B1ol%2FGiovanni%2520Boccacio%2FEl%2520Decameron.pdf%3Ffbclid%3DIwAR23C5QF5QX9fMludTLQRnTijtFBhvraW0AKGt6clfTg9rjfd_PNiSxLAhU&amp;h=AT0N6RfCRdw_87Fg4LRwdHu8A7BOTJdypSrj_ctC9p7mKJaEWyB1Nw5y5Zlwy1f6xEfjbTZeGSJjfsF8qYjv9wlSU9p4nuSvN9HErx3jX27U8tGs_pXomAwvsjqnuFQZL8dRd30cs9Asb32-fSX3LF7DXUrH0nmU7gRERV_AwCzWKLtaJi0kMEd6ns3os5wU2RWlooBmHDEBfcvQSvFcC00kKN8aLeagR8D7DhUODiq141dH5lHGKnOYgeIjXo6f8UdlSOPjiUdC2yrp_oxcdhygQcs2Ib89LH97xnj4S9LhF04pKbVom1mvffebKY9ke4B4LKAGPhhElSrPSVQJUTZA0MeZeSncfoYVLsVs0ujCLg10yeqKKY5mX7zQEoug9tTZR_jLxh9hYTFvyzzB5c4y5pYJfd5P2KkZWCWzUm7nJ79_IaAg_ZKziCBGX7JyKn4TSgjQTqk1AOACxj3SwNaYSZjfJllJ4PFcLk7iX6BXYXOFwslAwm_kDK6tYKTAdvmVrOVSIEMikmdF2GDDxpVfParnx03T8CiqqhUN0I5b_LTzIFlQ39-DsOMIL6dxijucIVNWSDv6HGwStd5cxHXNbuW98phfwglDOuXQtj91QRjiJEjuP5MsVy28-WCBIj5SVrQorrkWzJZFILo\">http:\/\/www.ataun.eus\/\u2026\/Giovanni%20Boccac\u2026\/El%20Decameron.pdf<\/a><\/p>\n<div class=\"text_exposed_show\">\n<p>Jean Giono, El h\u00fasar en el tejado:\u00a0<a href=\"https:\/\/es.scribd.com\/document\/106766505\/Giono-Jean-El-husar-en-el-tejado-R1?fbclid=IwAR1kKsUeClHHI81TLbJMu_APncO2aGL37pRvYhqcCYw6foBVcU7i7L8LAhM\" target=\"_blank\" rel=\"noopener nofollow\" data-ft=\"{&quot;tn&quot;:&quot;-U&quot;}\" data-lynx-mode=\"async\" data-lynx-uri=\"https:\/\/l.facebook.com\/l.php?u=https%3A%2F%2Fes.scribd.com%2Fdocument%2F106766505%2FGiono-Jean-El-husar-en-el-tejado-R1%3Ffbclid%3DIwAR1kKsUeClHHI81TLbJMu_APncO2aGL37pRvYhqcCYw6foBVcU7i7L8LAhM&amp;h=AT2jN1IGYYY3gd5v1jVwZFWaqUI956sQq-m0igMyfOOElUso8SjiT2BEp8nCjtmxFn97b4iej1eY3vKRwQXUBC5lnsRrNLpIXReYLaj3fl-gVZVzOZdyAoZz630m-uwgu7m4HJt9X8W0y36y0h2tS0RXpVnISWdrdDhhSKSrqd3t4XSWZ7WXi-UsS9aJvS-jpvy8BnRLhrln-Q-32EHQXrLmETWnMZx3PrZmv0Zl7DwVszIa6VMALZixGqjCX-BGg9lVzV5hONr3XWsX_lpXMKSh0nmyy6sA0OVVF62u5_bM_q6wtLgYXXtqMrW8fvmpd79HkUo2fQUi0qqs-xh0P0Fai_DKgYx8lxArWz4KTBVeepfLJMv_ecCVOUTtQUI7Xqnz5h7Ai9vWe6A3MMavbkWZfmdfhvPbDQu0C9U69_YOvnLLA785TnL_ZbJCtyZlkYC2u7Cki68Nu75OCQJ47F_ZphXFwC_wFMO16RpipNHMPcSEr71taN-xY43uJoPjkE9pR6zKyyyFlX0PM4UZYvAyENI7VvDXSPgeF1Pe5xXJyogkPb7NS6R7raPD_s6rFU7PzMo2EO4PFlQJ9Wp4uEt_xc_mMOIUnTpR_XN8OsOr5xMO0H3zxUrUki3YnAjMAek8u4rjl0_x7QEfTiA\">https:\/\/es.scribd.com\/\u2026\/106766505\/Giono-Jean-El-husar-en-el\u2026<\/a><\/p>\n<\/div>\n","protected":false},"excerpt":{"rendered":"<p>Claire Mercier, acad\u00e9mica del Instituto de Estudios Human\u00edsticos Juan Ignacio Molina UTalca, nos recomienda novelas relacionadas a pandemias. Albert Camus, La peste:\u00a0http:\/\/web.seducoahuila.gob.mx\/\u2026\/Camus,%20Albert%20-%20La%2\u2026 Giovanni Bocaccio, El Decamer\u00f3n:\u00a0http:\/\/www.ataun.eus\/\u2026\/Giovanni%20Boccac\u2026\/El%20Decameron.pdf Jean Giono, El h\u00fasar en el tejado:\u00a0https:\/\/es.scribd.com\/\u2026\/106766505\/Giono-Jean-El-husar-en-el\u2026<\/p>\n","protected":false},"author":1,"featured_media":5362,"comment_status":"closed","ping_status":"open","sticky":false,"template":"","format":"video","meta":{"om_disable_all_campaigns":false,"_monsterinsights_skip_tracking":false,"_monsterinsights_sitenote_active":false,"_monsterinsights_sitenote_note":"","_monsterinsights_sitenote_category":0,"footnotes":""},"categories":[1099,1326,1154,1334],"tags":[1324,1315,328,1425,1427,1312,1426,70],"class_list":["post-5361","post","type-post","status-publish","format-video","has-post-thumbnail","hentry","category-comprometidos-con-la-comunidad","category-coronavirus","category-expertos-utalca","category-quedate-en-casa","tag-cuarentena","tag-epidemia","tag-instituto-de-estudios-humanisticos-juan-ignacio-molina","tag-leer","tag-novelas","tag-pandemia","tag-recomendaciones","tag-utalca","post_format-post-format-video","slider-tags-capsulas","slider-tags-slider"],"aioseo_notices":[],"_links":{"self":[{"href":"https:\/\/tv.utalca.cl\/index.php?rest_route=\/wp\/v2\/posts\/5361","targetHints":{"allow":["GET"]}}],"collection":[{"href":"https:\/\/tv.utalca.cl\/index.php?rest_route=\/wp\/v2\/posts"}],"about":[{"href":"https:\/\/tv.utalca.cl\/index.php?rest_route=\/wp\/v2\/types\/post"}],"author":[{"embeddable":true,"href":"https:\/\/tv.utalca.cl\/index.php?rest_route=\/wp\/v2\/users\/1"}],"replies":[{"embeddable":true,"href":"https:\/\/tv.utalca.cl\/index.php?rest_route=%2Fwp%2Fv2%2Fcomments&post=5361"}],"version-history":[{"count":1,"href":"https:\/\/tv.utalca.cl\/index.php?rest_route=\/wp\/v2\/posts\/5361\/revisions"}],"predecessor-version":[{"id":5363,"href":"https:\/\/tv.utalca.cl\/index.php?rest_route=\/wp\/v2\/posts\/5361\/revisions\/5363"}],"wp:featuredmedia":[{"embeddable":true,"href":"https:\/\/tv.utalca.cl\/index.php?rest_route=\/wp\/v2\/media\/5362"}],"wp:attachment":[{"href":"https:\/\/tv.utalca.cl\/index.php?rest_route=%2Fwp%2Fv2%2Fmedia&parent=5361"}],"wp:term":[{"taxonomy":"category","embeddable":true,"href":"https:\/\/tv.utalca.cl\/index.php?rest_route=%2Fwp%2Fv2%2Fcategories&post=5361"},{"taxonomy":"post_tag","embeddable":true,"href":"https:\/\/tv.utalca.cl\/index.php?rest_route=%2Fwp%2Fv2%2Ftags&post=5361"}],"curies":[{"name":"wp","href":"https:\/\/api.w.org\/{rel}","templated":true}]}}