{"id":5391,"date":"2020-04-06T14:22:36","date_gmt":"2020-04-06T14:22:36","guid":{"rendered":"https:\/\/tv.utalca.cl\/?p=5391"},"modified":"2025-04-11T13:16:18","modified_gmt":"2025-04-11T17:16:18","slug":"conversatorios-culturales-mario-bellatin","status":"publish","type":"post","link":"https:\/\/tv.utalca.cl\/?p=5391","title":{"rendered":"Conversatorios Culturales: Mario Bellatin"},"content":{"rendered":"<p>En esta ocasi\u00f3n realizamos un di\u00e1logo con el mexicano Mario Bellat\u00edn, ganador del Premio Iberoamericano de letras Jos\u00e9 Donoso 2018 de la UTalca.<\/p>\n","protected":false},"excerpt":{"rendered":"<p>En esta ocasi\u00f3n realizamos un di\u00e1logo con el mexicano Mario Bellat\u00edn, ganador del Premio Iberoamericano de letras Jos\u00e9 Donoso 2018 de la UTalca.<\/p>\n","protected":false},"author":1,"featured_media":5392,"comment_status":"closed","ping_status":"open","sticky":false,"template":"","format":"video","meta":{"om_disable_all_campaigns":false,"_monsterinsights_skip_tracking":false,"_monsterinsights_sitenote_active":false,"_monsterinsights_sitenote_note":"","_monsterinsights_sitenote_category":0,"footnotes":""},"categories":[451,112],"tags":[1220,114,1436,1437,150,70],"class_list":["post-5391","post","type-post","status-publish","format-video","has-post-thumbnail","hentry","category-conversatorios-culturales","category-programa","tag-direccion-de-extension-cultural-artistica","tag-extension","tag-jose-donoso","tag-mario-bellatin","tag-premio-iberoamericano-de-letras-jose-donoso","tag-utalca","post_format-post-format-video","slider-tags-conversatorios-culturales"],"aioseo_notices":[],"_links":{"self":[{"href":"https:\/\/tv.utalca.cl\/index.php?rest_route=\/wp\/v2\/posts\/5391","targetHints":{"allow":["GET"]}}],"collection":[{"href":"https:\/\/tv.utalca.cl\/index.php?rest_route=\/wp\/v2\/posts"}],"about":[{"href":"https:\/\/tv.utalca.cl\/index.php?rest_route=\/wp\/v2\/types\/post"}],"author":[{"embeddable":true,"href":"https:\/\/tv.utalca.cl\/index.php?rest_route=\/wp\/v2\/users\/1"}],"replies":[{"embeddable":true,"href":"https:\/\/tv.utalca.cl\/index.php?rest_route=%2Fwp%2Fv2%2Fcomments&post=5391"}],"version-history":[{"count":1,"href":"https:\/\/tv.utalca.cl\/index.php?rest_route=\/wp\/v2\/posts\/5391\/revisions"}],"predecessor-version":[{"id":5393,"href":"https:\/\/tv.utalca.cl\/index.php?rest_route=\/wp\/v2\/posts\/5391\/revisions\/5393"}],"wp:featuredmedia":[{"embeddable":true,"href":"https:\/\/tv.utalca.cl\/index.php?rest_route=\/wp\/v2\/media\/5392"}],"wp:attachment":[{"href":"https:\/\/tv.utalca.cl\/index.php?rest_route=%2Fwp%2Fv2%2Fmedia&parent=5391"}],"wp:term":[{"taxonomy":"category","embeddable":true,"href":"https:\/\/tv.utalca.cl\/index.php?rest_route=%2Fwp%2Fv2%2Fcategories&post=5391"},{"taxonomy":"post_tag","embeddable":true,"href":"https:\/\/tv.utalca.cl\/index.php?rest_route=%2Fwp%2Fv2%2Ftags&post=5391"}],"curies":[{"name":"wp","href":"https:\/\/api.w.org\/{rel}","templated":true}]}}