{"id":5394,"date":"2020-04-06T14:28:50","date_gmt":"2020-04-06T14:28:50","guid":{"rendered":"https:\/\/tv.utalca.cl\/?p=5394"},"modified":"2025-04-11T13:16:18","modified_gmt":"2025-04-11T17:16:18","slug":"conversatorios-culturales-oscar-hahn","status":"publish","type":"post","link":"https:\/\/tv.utalca.cl\/?p=5394","title":{"rendered":"Conversatorios Culturales: \u00d3scar Hahn"},"content":{"rendered":"<p>Una conversaci\u00f3n con el poeta, ensayista y cr\u00edtico chileno, integrante de la generaci\u00f3n literaria de los a\u00f1os 1960 y Premio Nacional de Literatura 2012.\u200b<\/p>\n","protected":false},"excerpt":{"rendered":"<p>Una conversaci\u00f3n con el poeta, ensayista y cr\u00edtico chileno, integrante de la generaci\u00f3n literaria de los a\u00f1os 1960 y Premio Nacional de Literatura 2012.\u200b<\/p>\n","protected":false},"author":1,"featured_media":5395,"comment_status":"closed","ping_status":"open","sticky":false,"template":"","format":"video","meta":{"om_disable_all_campaigns":false,"_monsterinsights_skip_tracking":false,"_monsterinsights_sitenote_active":false,"_monsterinsights_sitenote_note":"","_monsterinsights_sitenote_category":0,"footnotes":""},"categories":[451,112],"tags":[1438,453,1220,1439,1440,70],"class_list":["post-5394","post","type-post","status-publish","format-video","has-post-thumbnail","hentry","category-conversatorios-culturales","category-programa","tag-conversatorios","tag-conversatorios-culturales","tag-direccion-de-extension-cultural-artistica","tag-oscar-hahn","tag-premio-nacional","tag-utalca","post_format-post-format-video","slider-tags-conversatorios-culturales"],"aioseo_notices":[],"_links":{"self":[{"href":"https:\/\/tv.utalca.cl\/index.php?rest_route=\/wp\/v2\/posts\/5394","targetHints":{"allow":["GET"]}}],"collection":[{"href":"https:\/\/tv.utalca.cl\/index.php?rest_route=\/wp\/v2\/posts"}],"about":[{"href":"https:\/\/tv.utalca.cl\/index.php?rest_route=\/wp\/v2\/types\/post"}],"author":[{"embeddable":true,"href":"https:\/\/tv.utalca.cl\/index.php?rest_route=\/wp\/v2\/users\/1"}],"replies":[{"embeddable":true,"href":"https:\/\/tv.utalca.cl\/index.php?rest_route=%2Fwp%2Fv2%2Fcomments&post=5394"}],"version-history":[{"count":1,"href":"https:\/\/tv.utalca.cl\/index.php?rest_route=\/wp\/v2\/posts\/5394\/revisions"}],"predecessor-version":[{"id":5396,"href":"https:\/\/tv.utalca.cl\/index.php?rest_route=\/wp\/v2\/posts\/5394\/revisions\/5396"}],"wp:featuredmedia":[{"embeddable":true,"href":"https:\/\/tv.utalca.cl\/index.php?rest_route=\/wp\/v2\/media\/5395"}],"wp:attachment":[{"href":"https:\/\/tv.utalca.cl\/index.php?rest_route=%2Fwp%2Fv2%2Fmedia&parent=5394"}],"wp:term":[{"taxonomy":"category","embeddable":true,"href":"https:\/\/tv.utalca.cl\/index.php?rest_route=%2Fwp%2Fv2%2Fcategories&post=5394"},{"taxonomy":"post_tag","embeddable":true,"href":"https:\/\/tv.utalca.cl\/index.php?rest_route=%2Fwp%2Fv2%2Ftags&post=5394"}],"curies":[{"name":"wp","href":"https:\/\/api.w.org\/{rel}","templated":true}]}}