{"id":5397,"date":"2020-04-06T14:33:19","date_gmt":"2020-04-06T14:33:19","guid":{"rendered":"https:\/\/tv.utalca.cl\/?p=5397"},"modified":"2025-04-11T13:16:19","modified_gmt":"2025-04-11T17:16:19","slug":"conversatorios-culturales-jose-maria-memet","status":"publish","type":"post","link":"https:\/\/tv.utalca.cl\/?p=5397","title":{"rendered":"Conversatorios Culturales: Jos\u00e9 Mar\u00eda Memet"},"content":{"rendered":"<p>Un di\u00e1logo con el productor y poeta chileno. Creador\u00a0de Chile Poes\u00eda, encuentro internacional de poetas, evento que ha tenido una importante repercusi\u00f3n en la vida cultural de este pa\u00eds.<\/p>\n","protected":false},"excerpt":{"rendered":"<p>Un di\u00e1logo con el productor y poeta chileno. Creador\u00a0de Chile Poes\u00eda, encuentro internacional de poetas, evento que ha tenido una importante repercusi\u00f3n en la vida cultural de este pa\u00eds.<\/p>\n","protected":false},"author":1,"featured_media":5398,"comment_status":"closed","ping_status":"open","sticky":false,"template":"","format":"video","meta":{"om_disable_all_campaigns":false,"_monsterinsights_skip_tracking":false,"_monsterinsights_sitenote_active":false,"_monsterinsights_sitenote_note":"","_monsterinsights_sitenote_category":0,"footnotes":""},"categories":[451,112],"tags":[668,453,1220,1441,70],"class_list":["post-5397","post","type-post","status-publish","format-video","has-post-thumbnail","hentry","category-conversatorios-culturales","category-programa","tag-centro-de-extension-de-la-universidad-de-talca","tag-conversatorios-culturales","tag-direccion-de-extension-cultural-artistica","tag-jose-maria-memet","tag-utalca","post_format-post-format-video","slider-tags-conversatorios-culturales"],"aioseo_notices":[],"_links":{"self":[{"href":"https:\/\/tv.utalca.cl\/index.php?rest_route=\/wp\/v2\/posts\/5397","targetHints":{"allow":["GET"]}}],"collection":[{"href":"https:\/\/tv.utalca.cl\/index.php?rest_route=\/wp\/v2\/posts"}],"about":[{"href":"https:\/\/tv.utalca.cl\/index.php?rest_route=\/wp\/v2\/types\/post"}],"author":[{"embeddable":true,"href":"https:\/\/tv.utalca.cl\/index.php?rest_route=\/wp\/v2\/users\/1"}],"replies":[{"embeddable":true,"href":"https:\/\/tv.utalca.cl\/index.php?rest_route=%2Fwp%2Fv2%2Fcomments&post=5397"}],"version-history":[{"count":1,"href":"https:\/\/tv.utalca.cl\/index.php?rest_route=\/wp\/v2\/posts\/5397\/revisions"}],"predecessor-version":[{"id":5399,"href":"https:\/\/tv.utalca.cl\/index.php?rest_route=\/wp\/v2\/posts\/5397\/revisions\/5399"}],"wp:featuredmedia":[{"embeddable":true,"href":"https:\/\/tv.utalca.cl\/index.php?rest_route=\/wp\/v2\/media\/5398"}],"wp:attachment":[{"href":"https:\/\/tv.utalca.cl\/index.php?rest_route=%2Fwp%2Fv2%2Fmedia&parent=5397"}],"wp:term":[{"taxonomy":"category","embeddable":true,"href":"https:\/\/tv.utalca.cl\/index.php?rest_route=%2Fwp%2Fv2%2Fcategories&post=5397"},{"taxonomy":"post_tag","embeddable":true,"href":"https:\/\/tv.utalca.cl\/index.php?rest_route=%2Fwp%2Fv2%2Ftags&post=5397"}],"curies":[{"name":"wp","href":"https:\/\/api.w.org\/{rel}","templated":true}]}}