{"id":5434,"date":"2020-04-07T17:33:40","date_gmt":"2020-04-07T17:33:40","guid":{"rendered":"https:\/\/tv.utalca.cl\/?p=5434"},"modified":"2025-04-11T13:16:20","modified_gmt":"2025-04-11T17:16:20","slug":"sede-laboral-deber-de-proteccion-del-empleador-ante-el-coronavirus","status":"publish","type":"post","link":"https:\/\/tv.utalca.cl\/?p=5434","title":{"rendered":"Sede Laboral: Deber de protecci\u00f3n del empleador ante el Coronavirus"},"content":{"rendered":"<p>Rodrigo Palomo entrevista a Cayetano N\u00fa\u00f1ez, abogado, doctor en Derecho, profesor titular Universidad de Valencia y colaborador del Centrass UTalca.<\/p>\n","protected":false},"excerpt":{"rendered":"<p>Rodrigo Palomo entrevista a Cayetano N\u00fa\u00f1ez, abogado, doctor en Derecho, profesor titular Universidad de Valencia y colaborador del Centrass UTalca.<\/p>\n","protected":false},"author":1,"featured_media":5435,"comment_status":"closed","ping_status":"open","sticky":false,"template":"","format":"standard","meta":{"om_disable_all_campaigns":false,"_monsterinsights_skip_tracking":false,"_monsterinsights_sitenote_active":false,"_monsterinsights_sitenote_note":"","_monsterinsights_sitenote_category":0,"footnotes":""},"categories":[112,1396],"tags":[1454,1187,1422,1336,1397,1429,70],"class_list":["post-5434","post","type-post","status-publish","format-standard","has-post-thumbnail","hentry","category-programa","category-sede-laboral","tag-cayetano-nunez","tag-centrass","tag-derecho-laboral","tag-quedate-en-casa","tag-sede-laboral","tag-social","tag-utalca","slider-tags-sede-laboral"],"aioseo_notices":[],"_links":{"self":[{"href":"https:\/\/tv.utalca.cl\/index.php?rest_route=\/wp\/v2\/posts\/5434","targetHints":{"allow":["GET"]}}],"collection":[{"href":"https:\/\/tv.utalca.cl\/index.php?rest_route=\/wp\/v2\/posts"}],"about":[{"href":"https:\/\/tv.utalca.cl\/index.php?rest_route=\/wp\/v2\/types\/post"}],"author":[{"embeddable":true,"href":"https:\/\/tv.utalca.cl\/index.php?rest_route=\/wp\/v2\/users\/1"}],"replies":[{"embeddable":true,"href":"https:\/\/tv.utalca.cl\/index.php?rest_route=%2Fwp%2Fv2%2Fcomments&post=5434"}],"version-history":[{"count":1,"href":"https:\/\/tv.utalca.cl\/index.php?rest_route=\/wp\/v2\/posts\/5434\/revisions"}],"predecessor-version":[{"id":5436,"href":"https:\/\/tv.utalca.cl\/index.php?rest_route=\/wp\/v2\/posts\/5434\/revisions\/5436"}],"wp:featuredmedia":[{"embeddable":true,"href":"https:\/\/tv.utalca.cl\/index.php?rest_route=\/wp\/v2\/media\/5435"}],"wp:attachment":[{"href":"https:\/\/tv.utalca.cl\/index.php?rest_route=%2Fwp%2Fv2%2Fmedia&parent=5434"}],"wp:term":[{"taxonomy":"category","embeddable":true,"href":"https:\/\/tv.utalca.cl\/index.php?rest_route=%2Fwp%2Fv2%2Fcategories&post=5434"},{"taxonomy":"post_tag","embeddable":true,"href":"https:\/\/tv.utalca.cl\/index.php?rest_route=%2Fwp%2Fv2%2Ftags&post=5434"}],"curies":[{"name":"wp","href":"https:\/\/api.w.org\/{rel}","templated":true}]}}