{"id":5459,"date":"2020-04-08T23:44:04","date_gmt":"2020-04-08T23:44:04","guid":{"rendered":"https:\/\/tv.utalca.cl\/?p=5459"},"modified":"2025-04-11T13:16:21","modified_gmt":"2025-04-11T17:16:21","slug":"efectos-de-la-cuarentena-en-el-medioambiente","status":"publish","type":"post","link":"https:\/\/tv.utalca.cl\/?p=5459","title":{"rendered":"Efectos de la cuarentena en el medioambiente"},"content":{"rendered":"<p>\u00bfSab\u00edas que durante estas \u00faltimas semanas China dej\u00f3 de emitir la misma cantidad de Co2 que Nueva York emite en un a\u00f1o? Estas reducciones hist\u00f3ricas es debido al cierre de fabricas, comercio, cuarentena y las restricciones de movilidad. Nos explica Karin L\u00f3pez, profesional del programa UTalca Sustentable.<\/p>\n","protected":false},"excerpt":{"rendered":"<p>\u00bfSab\u00edas que durante estas \u00faltimas semanas China dej\u00f3 de emitir la misma cantidad de Co2 que Nueva York emite en un a\u00f1o? Estas reducciones hist\u00f3ricas es debido al cierre de fabricas, comercio, cuarentena y las restricciones de movilidad. Nos explica Karin L\u00f3pez, profesional del programa UTalca Sustentable.<\/p>\n","protected":false},"author":1,"featured_media":5460,"comment_status":"closed","ping_status":"open","sticky":false,"template":"","format":"video","meta":{"om_disable_all_campaigns":false,"_monsterinsights_skip_tracking":false,"_monsterinsights_sitenote_active":false,"_monsterinsights_sitenote_note":"","_monsterinsights_sitenote_category":0,"footnotes":""},"categories":[1099,1326,1154,1334],"tags":[1072,1469,1267,1305,1324,1468,70],"class_list":["post-5459","post","type-post","status-publish","format-video","has-post-thumbnail","hentry","category-comprometidos-con-la-comunidad","category-coronavirus","category-expertos-utalca","category-quedate-en-casa","tag-china","tag-co2","tag-coronavirus","tag-covid19","tag-cuarentena","tag-sustentable","tag-utalca","post_format-post-format-video","slider-tags-capsulas"],"aioseo_notices":[],"_links":{"self":[{"href":"https:\/\/tv.utalca.cl\/index.php?rest_route=\/wp\/v2\/posts\/5459","targetHints":{"allow":["GET"]}}],"collection":[{"href":"https:\/\/tv.utalca.cl\/index.php?rest_route=\/wp\/v2\/posts"}],"about":[{"href":"https:\/\/tv.utalca.cl\/index.php?rest_route=\/wp\/v2\/types\/post"}],"author":[{"embeddable":true,"href":"https:\/\/tv.utalca.cl\/index.php?rest_route=\/wp\/v2\/users\/1"}],"replies":[{"embeddable":true,"href":"https:\/\/tv.utalca.cl\/index.php?rest_route=%2Fwp%2Fv2%2Fcomments&post=5459"}],"version-history":[{"count":1,"href":"https:\/\/tv.utalca.cl\/index.php?rest_route=\/wp\/v2\/posts\/5459\/revisions"}],"predecessor-version":[{"id":5461,"href":"https:\/\/tv.utalca.cl\/index.php?rest_route=\/wp\/v2\/posts\/5459\/revisions\/5461"}],"wp:featuredmedia":[{"embeddable":true,"href":"https:\/\/tv.utalca.cl\/index.php?rest_route=\/wp\/v2\/media\/5460"}],"wp:attachment":[{"href":"https:\/\/tv.utalca.cl\/index.php?rest_route=%2Fwp%2Fv2%2Fmedia&parent=5459"}],"wp:term":[{"taxonomy":"category","embeddable":true,"href":"https:\/\/tv.utalca.cl\/index.php?rest_route=%2Fwp%2Fv2%2Fcategories&post=5459"},{"taxonomy":"post_tag","embeddable":true,"href":"https:\/\/tv.utalca.cl\/index.php?rest_route=%2Fwp%2Fv2%2Ftags&post=5459"}],"curies":[{"name":"wp","href":"https:\/\/api.w.org\/{rel}","templated":true}]}}