{"id":5468,"date":"2020-04-09T13:25:37","date_gmt":"2020-04-09T13:25:37","guid":{"rendered":"https:\/\/tv.utalca.cl\/?p=5468"},"modified":"2025-04-11T13:16:21","modified_gmt":"2025-04-11T17:16:21","slug":"sede-laboral-funcionarios-publicos-y-crisis-sanitaria-por-coronavirus","status":"publish","type":"post","link":"https:\/\/tv.utalca.cl\/?p=5468","title":{"rendered":"Sede Laboral: Funcionarios p\u00fablicos y crisis sanitaria por coronavirus"},"content":{"rendered":"<p>\u00bfHay igualdad de reglas para funcionarios p\u00fablicos y privados ante la crisis sanitaria? \u00bfSe aplicar\u00e1 rebaja en remuneraciones de funcionarios p\u00fablicos con m\u00e1s ingresos? son las interrogantes que se aclara en este cap\u00edtulo de Sede Laboral. Rodrigo Palomo, director Centrass entrevista al abogado Alejandro C\u00e1rcamo, mag\u00edster en Derecho Constitucional y Derechos Humanos.<\/p>\n","protected":false},"excerpt":{"rendered":"<p>\u00bfHay igualdad de reglas para funcionarios p\u00fablicos y privados ante la crisis sanitaria? \u00bfSe aplicar\u00e1 rebaja en remuneraciones de funcionarios p\u00fablicos con m\u00e1s ingresos? son las interrogantes que se aclara en este cap\u00edtulo de Sede Laboral. Rodrigo Palomo, director Centrass entrevista al abogado Alejandro C\u00e1rcamo, mag\u00edster en Derecho Constitucional y Derechos Humanos.<\/p>\n","protected":false},"author":1,"featured_media":5469,"comment_status":"closed","ping_status":"open","sticky":false,"template":"","format":"video","meta":{"om_disable_all_campaigns":false,"_monsterinsights_skip_tracking":false,"_monsterinsights_sitenote_active":false,"_monsterinsights_sitenote_note":"","_monsterinsights_sitenote_category":0,"footnotes":""},"categories":[112,1396],"tags":[1267,1305,1422,1475,1397,70],"class_list":["post-5468","post","type-post","status-publish","format-video","has-post-thumbnail","hentry","category-programa","category-sede-laboral","tag-coronavirus","tag-covid19","tag-derecho-laboral","tag-funcionarios-publicos","tag-sede-laboral","tag-utalca","post_format-post-format-video","slider-tags-sede-laboral"],"aioseo_notices":[],"_links":{"self":[{"href":"https:\/\/tv.utalca.cl\/index.php?rest_route=\/wp\/v2\/posts\/5468","targetHints":{"allow":["GET"]}}],"collection":[{"href":"https:\/\/tv.utalca.cl\/index.php?rest_route=\/wp\/v2\/posts"}],"about":[{"href":"https:\/\/tv.utalca.cl\/index.php?rest_route=\/wp\/v2\/types\/post"}],"author":[{"embeddable":true,"href":"https:\/\/tv.utalca.cl\/index.php?rest_route=\/wp\/v2\/users\/1"}],"replies":[{"embeddable":true,"href":"https:\/\/tv.utalca.cl\/index.php?rest_route=%2Fwp%2Fv2%2Fcomments&post=5468"}],"version-history":[{"count":1,"href":"https:\/\/tv.utalca.cl\/index.php?rest_route=\/wp\/v2\/posts\/5468\/revisions"}],"predecessor-version":[{"id":5470,"href":"https:\/\/tv.utalca.cl\/index.php?rest_route=\/wp\/v2\/posts\/5468\/revisions\/5470"}],"wp:featuredmedia":[{"embeddable":true,"href":"https:\/\/tv.utalca.cl\/index.php?rest_route=\/wp\/v2\/media\/5469"}],"wp:attachment":[{"href":"https:\/\/tv.utalca.cl\/index.php?rest_route=%2Fwp%2Fv2%2Fmedia&parent=5468"}],"wp:term":[{"taxonomy":"category","embeddable":true,"href":"https:\/\/tv.utalca.cl\/index.php?rest_route=%2Fwp%2Fv2%2Fcategories&post=5468"},{"taxonomy":"post_tag","embeddable":true,"href":"https:\/\/tv.utalca.cl\/index.php?rest_route=%2Fwp%2Fv2%2Ftags&post=5468"}],"curies":[{"name":"wp","href":"https:\/\/api.w.org\/{rel}","templated":true}]}}