{"id":5476,"date":"2020-04-09T20:17:59","date_gmt":"2020-04-09T20:17:59","guid":{"rendered":"https:\/\/tv.utalca.cl\/?p=5476"},"modified":"2025-04-11T13:16:21","modified_gmt":"2025-04-11T17:16:21","slug":"convivencia-durante-fin-de-semana-largo-en-cuarentena","status":"publish","type":"post","link":"https:\/\/tv.utalca.cl\/?p=5476","title":{"rendered":"Convivencia durante fin de semana largo en cuarentena"},"content":{"rendered":"<p>\u00bfc\u00f3mo generar una \u00f3ptima convivencia entre todos en casa durante el confinamiento preventivo? Nos aconseja Natalia Uribe, acad\u00e9mica de la Facultad de <a class=\"vk-MessageMention sc-dmejcV brWhQJ\" href=\"https:\/\/www.facebook.com\/1439908602721432\" target=\"_blank\" rel=\"noopener\">Psicolog\u00eda UTalca.<\/a><\/p>\n","protected":false},"excerpt":{"rendered":"<p>\u00bfc\u00f3mo generar una \u00f3ptima convivencia entre todos en casa durante el confinamiento preventivo? Nos aconseja Natalia Uribe, acad\u00e9mica de la Facultad de Psicolog\u00eda UTalca.<\/p>\n","protected":false},"author":1,"featured_media":5477,"comment_status":"closed","ping_status":"open","sticky":false,"template":"","format":"video","meta":{"om_disable_all_campaigns":false,"_monsterinsights_skip_tracking":false,"_monsterinsights_sitenote_active":false,"_monsterinsights_sitenote_note":"","_monsterinsights_sitenote_category":0,"footnotes":""},"categories":[1099,1326,1154,1334],"tags":[1479,1478,1305,1324,1477,1336,70],"class_list":["post-5476","post","type-post","status-publish","format-video","has-post-thumbnail","hentry","category-comprometidos-con-la-comunidad","category-coronavirus","category-expertos-utalca","category-quedate-en-casa","tag-confinamiento","tag-convivencia","tag-covid19","tag-cuarentena","tag-fin-de-semana","tag-quedate-en-casa","tag-utalca","post_format-post-format-video","slider-tags-capsulas","slider-tags-slider"],"aioseo_notices":[],"_links":{"self":[{"href":"https:\/\/tv.utalca.cl\/index.php?rest_route=\/wp\/v2\/posts\/5476","targetHints":{"allow":["GET"]}}],"collection":[{"href":"https:\/\/tv.utalca.cl\/index.php?rest_route=\/wp\/v2\/posts"}],"about":[{"href":"https:\/\/tv.utalca.cl\/index.php?rest_route=\/wp\/v2\/types\/post"}],"author":[{"embeddable":true,"href":"https:\/\/tv.utalca.cl\/index.php?rest_route=\/wp\/v2\/users\/1"}],"replies":[{"embeddable":true,"href":"https:\/\/tv.utalca.cl\/index.php?rest_route=%2Fwp%2Fv2%2Fcomments&post=5476"}],"version-history":[{"count":1,"href":"https:\/\/tv.utalca.cl\/index.php?rest_route=\/wp\/v2\/posts\/5476\/revisions"}],"predecessor-version":[{"id":5478,"href":"https:\/\/tv.utalca.cl\/index.php?rest_route=\/wp\/v2\/posts\/5476\/revisions\/5478"}],"wp:featuredmedia":[{"embeddable":true,"href":"https:\/\/tv.utalca.cl\/index.php?rest_route=\/wp\/v2\/media\/5477"}],"wp:attachment":[{"href":"https:\/\/tv.utalca.cl\/index.php?rest_route=%2Fwp%2Fv2%2Fmedia&parent=5476"}],"wp:term":[{"taxonomy":"category","embeddable":true,"href":"https:\/\/tv.utalca.cl\/index.php?rest_route=%2Fwp%2Fv2%2Fcategories&post=5476"},{"taxonomy":"post_tag","embeddable":true,"href":"https:\/\/tv.utalca.cl\/index.php?rest_route=%2Fwp%2Fv2%2Ftags&post=5476"}],"curies":[{"name":"wp","href":"https:\/\/api.w.org\/{rel}","templated":true}]}}