{"id":5499,"date":"2020-04-13T14:01:11","date_gmt":"2020-04-13T14:01:11","guid":{"rendered":"https:\/\/tv.utalca.cl\/?p=5499"},"modified":"2025-04-11T13:16:22","modified_gmt":"2025-04-11T17:16:22","slug":"la-importancia-de-la-lectura-en-cuarentena","status":"publish","type":"post","link":"https:\/\/tv.utalca.cl\/?p=5499","title":{"rendered":"La importancia de la lectura en cuarentena"},"content":{"rendered":"<p><span class=\"style-scope yt-formatted-string\" dir=\"auto\">&#8220;La lectura nos permite viajar no solamente espacialmente sino tambi\u00e9n temporalmente, nos permite fomentar nuestra imaginaci\u00f3n, nuestra curiosidad, nuestro esp\u00edritu cr\u00edtico y nuestra cultura general. Nos explica Claire Mercier, acad\u00e9mica del Instituto Human\u00edsticos Juan Ignacio Molina UTalca. Encuentra libros ac\u00e1: <\/span><a class=\"yt-simple-endpoint style-scope yt-formatted-string\" dir=\"auto\" spellcheck=\"false\" href=\"https:\/\/www.youtube.com\/redirect?redir_token=X2dr73TQ8T2sHov5GYX9txtwG6t8MTU4Njg3Mjc2M0AxNTg2Nzg2MzYz&amp;q=https%3A%2F%2Fwww.bpdigital.cl%2F&amp;event=video_description&amp;v=P_WhZ3QASW0\" target=\"_blank\" rel=\"nofollow noopener\">https:\/\/www.bpdigital.cl\/<\/a><\/p>\n","protected":false},"excerpt":{"rendered":"<p>&#8220;La lectura nos permite viajar no solamente espacialmente sino tambi\u00e9n temporalmente, nos permite fomentar nuestra imaginaci\u00f3n, nuestra curiosidad, nuestro esp\u00edritu cr\u00edtico y nuestra cultura general. Nos explica Claire Mercier, acad\u00e9mica del Instituto Human\u00edsticos Juan Ignacio Molina UTalca. Encuentra libros ac\u00e1: https:\/\/www.bpdigital.cl\/<\/p>\n","protected":false},"author":1,"featured_media":5500,"comment_status":"closed","ping_status":"open","sticky":false,"template":"","format":"video","meta":{"om_disable_all_campaigns":false,"_monsterinsights_skip_tracking":false,"_monsterinsights_sitenote_active":false,"_monsterinsights_sitenote_note":"","_monsterinsights_sitenote_category":0,"footnotes":""},"categories":[387,1099,1326,1334],"tags":[1267,1305,1324,1484,1336,70],"class_list":["post-5499","post","type-post","status-publish","format-video","has-post-thumbnail","hentry","category-capsulas","category-comprometidos-con-la-comunidad","category-coronavirus","category-quedate-en-casa","tag-coronavirus","tag-covid19","tag-cuarentena","tag-lectura","tag-quedate-en-casa","tag-utalca","post_format-post-format-video","slider-tags-capsulas"],"aioseo_notices":[],"_links":{"self":[{"href":"https:\/\/tv.utalca.cl\/index.php?rest_route=\/wp\/v2\/posts\/5499","targetHints":{"allow":["GET"]}}],"collection":[{"href":"https:\/\/tv.utalca.cl\/index.php?rest_route=\/wp\/v2\/posts"}],"about":[{"href":"https:\/\/tv.utalca.cl\/index.php?rest_route=\/wp\/v2\/types\/post"}],"author":[{"embeddable":true,"href":"https:\/\/tv.utalca.cl\/index.php?rest_route=\/wp\/v2\/users\/1"}],"replies":[{"embeddable":true,"href":"https:\/\/tv.utalca.cl\/index.php?rest_route=%2Fwp%2Fv2%2Fcomments&post=5499"}],"version-history":[{"count":1,"href":"https:\/\/tv.utalca.cl\/index.php?rest_route=\/wp\/v2\/posts\/5499\/revisions"}],"predecessor-version":[{"id":5501,"href":"https:\/\/tv.utalca.cl\/index.php?rest_route=\/wp\/v2\/posts\/5499\/revisions\/5501"}],"wp:featuredmedia":[{"embeddable":true,"href":"https:\/\/tv.utalca.cl\/index.php?rest_route=\/wp\/v2\/media\/5500"}],"wp:attachment":[{"href":"https:\/\/tv.utalca.cl\/index.php?rest_route=%2Fwp%2Fv2%2Fmedia&parent=5499"}],"wp:term":[{"taxonomy":"category","embeddable":true,"href":"https:\/\/tv.utalca.cl\/index.php?rest_route=%2Fwp%2Fv2%2Fcategories&post=5499"},{"taxonomy":"post_tag","embeddable":true,"href":"https:\/\/tv.utalca.cl\/index.php?rest_route=%2Fwp%2Fv2%2Ftags&post=5499"}],"curies":[{"name":"wp","href":"https:\/\/api.w.org\/{rel}","templated":true}]}}