{"id":5514,"date":"2020-04-14T13:18:30","date_gmt":"2020-04-14T13:18:30","guid":{"rendered":"https:\/\/tv.utalca.cl\/?p=5514"},"modified":"2025-04-11T13:16:22","modified_gmt":"2025-04-11T17:16:22","slug":"sede-laboral-judicializacion-de-conflictos-laborales-derivados-del-coronavirus","status":"publish","type":"post","link":"https:\/\/tv.utalca.cl\/?p=5514","title":{"rendered":"Sede Laboral: Judicializaci\u00f3n de conflictos laborales derivados del Coronavirus"},"content":{"rendered":"<p>En este cap\u00edtulo conoceremos distintas acciones a seguir por t\u00e9rminos de contratos y v\u00edas de reclamaci\u00f3n producto de la crisis sanitaria junto al abogado Cristian Contreras, doctor en Derecho y profesor de Derecho Procesal UTalca<\/p>\n","protected":false},"excerpt":{"rendered":"<p>En este cap\u00edtulo conoceremos distintas acciones a seguir por t\u00e9rminos de contratos y v\u00edas de reclamaci\u00f3n producto de la crisis sanitaria junto al abogado Cristian Contreras, doctor en Derecho y profesor de Derecho Procesal UTalca<\/p>\n","protected":false},"author":1,"featured_media":5515,"comment_status":"closed","ping_status":"open","sticky":false,"template":"","format":"standard","meta":{"om_disable_all_campaigns":false,"_monsterinsights_skip_tracking":false,"_monsterinsights_sitenote_active":false,"_monsterinsights_sitenote_note":"","_monsterinsights_sitenote_category":0,"footnotes":""},"categories":[112,1396],"tags":[1267,1305,1422,1398,1495,1397,1496,708,70],"class_list":["post-5514","post","type-post","status-publish","format-standard","has-post-thumbnail","hentry","category-programa","category-sede-laboral","tag-coronavirus","tag-covid19","tag-derecho-laboral","tag-despidos","tag-judicial","tag-sede-laboral","tag-trabajadores","tag-trabajo","tag-utalca","slider-tags-sede-laboral"],"aioseo_notices":[],"_links":{"self":[{"href":"https:\/\/tv.utalca.cl\/index.php?rest_route=\/wp\/v2\/posts\/5514","targetHints":{"allow":["GET"]}}],"collection":[{"href":"https:\/\/tv.utalca.cl\/index.php?rest_route=\/wp\/v2\/posts"}],"about":[{"href":"https:\/\/tv.utalca.cl\/index.php?rest_route=\/wp\/v2\/types\/post"}],"author":[{"embeddable":true,"href":"https:\/\/tv.utalca.cl\/index.php?rest_route=\/wp\/v2\/users\/1"}],"replies":[{"embeddable":true,"href":"https:\/\/tv.utalca.cl\/index.php?rest_route=%2Fwp%2Fv2%2Fcomments&post=5514"}],"version-history":[{"count":1,"href":"https:\/\/tv.utalca.cl\/index.php?rest_route=\/wp\/v2\/posts\/5514\/revisions"}],"predecessor-version":[{"id":5516,"href":"https:\/\/tv.utalca.cl\/index.php?rest_route=\/wp\/v2\/posts\/5514\/revisions\/5516"}],"wp:featuredmedia":[{"embeddable":true,"href":"https:\/\/tv.utalca.cl\/index.php?rest_route=\/wp\/v2\/media\/5515"}],"wp:attachment":[{"href":"https:\/\/tv.utalca.cl\/index.php?rest_route=%2Fwp%2Fv2%2Fmedia&parent=5514"}],"wp:term":[{"taxonomy":"category","embeddable":true,"href":"https:\/\/tv.utalca.cl\/index.php?rest_route=%2Fwp%2Fv2%2Fcategories&post=5514"},{"taxonomy":"post_tag","embeddable":true,"href":"https:\/\/tv.utalca.cl\/index.php?rest_route=%2Fwp%2Fv2%2Ftags&post=5514"}],"curies":[{"name":"wp","href":"https:\/\/api.w.org\/{rel}","templated":true}]}}