{"id":5550,"date":"2020-04-17T14:04:53","date_gmt":"2020-04-17T14:04:53","guid":{"rendered":"https:\/\/tv.utalca.cl\/?p=5550"},"modified":"2025-04-11T13:16:24","modified_gmt":"2025-04-11T17:16:24","slug":"sede-laboral-problemas-recurrentes-de-la-ley-de-proteccion-al-empleo-ante-el-coronavirus","status":"publish","type":"post","link":"https:\/\/tv.utalca.cl\/?p=5550","title":{"rendered":"Sede Laboral: Problemas recurrentes de la Ley de Protecci\u00f3n al Empleo ante el Coronavirus"},"content":{"rendered":"<p>El Derecho laboral y su aplicaci\u00f3n en medio del Covid-19 tiene diversas aristas que en este cap\u00edtulo son analizadas. En este cap\u00edtulo conversamos con el abogado Jorge Arredondo, master en Derecho del Trabajo y Seguridad Social.<\/p>\n","protected":false},"excerpt":{"rendered":"<p>El Derecho laboral y su aplicaci\u00f3n en medio del Covid-19 tiene diversas aristas que en este cap\u00edtulo son analizadas. En este cap\u00edtulo conversamos con el abogado Jorge Arredondo, master en Derecho del Trabajo y Seguridad Social.<\/p>\n","protected":false},"author":1,"featured_media":5551,"comment_status":"closed","ping_status":"open","sticky":false,"template":"","format":"video","meta":{"om_disable_all_campaigns":false,"_monsterinsights_skip_tracking":false,"_monsterinsights_sitenote_active":false,"_monsterinsights_sitenote_note":"","_monsterinsights_sitenote_category":0,"footnotes":""},"categories":[112,1396],"tags":[1267,1305,1422,320,1397,70],"class_list":["post-5550","post","type-post","status-publish","format-video","has-post-thumbnail","hentry","category-programa","category-sede-laboral","tag-coronavirus","tag-covid19","tag-derecho-laboral","tag-facultad-de-ciencias-juridicas-y-sociales","tag-sede-laboral","tag-utalca","post_format-post-format-video","slider-tags-sede-laboral"],"aioseo_notices":[],"_links":{"self":[{"href":"https:\/\/tv.utalca.cl\/index.php?rest_route=\/wp\/v2\/posts\/5550","targetHints":{"allow":["GET"]}}],"collection":[{"href":"https:\/\/tv.utalca.cl\/index.php?rest_route=\/wp\/v2\/posts"}],"about":[{"href":"https:\/\/tv.utalca.cl\/index.php?rest_route=\/wp\/v2\/types\/post"}],"author":[{"embeddable":true,"href":"https:\/\/tv.utalca.cl\/index.php?rest_route=\/wp\/v2\/users\/1"}],"replies":[{"embeddable":true,"href":"https:\/\/tv.utalca.cl\/index.php?rest_route=%2Fwp%2Fv2%2Fcomments&post=5550"}],"version-history":[{"count":1,"href":"https:\/\/tv.utalca.cl\/index.php?rest_route=\/wp\/v2\/posts\/5550\/revisions"}],"predecessor-version":[{"id":5552,"href":"https:\/\/tv.utalca.cl\/index.php?rest_route=\/wp\/v2\/posts\/5550\/revisions\/5552"}],"wp:featuredmedia":[{"embeddable":true,"href":"https:\/\/tv.utalca.cl\/index.php?rest_route=\/wp\/v2\/media\/5551"}],"wp:attachment":[{"href":"https:\/\/tv.utalca.cl\/index.php?rest_route=%2Fwp%2Fv2%2Fmedia&parent=5550"}],"wp:term":[{"taxonomy":"category","embeddable":true,"href":"https:\/\/tv.utalca.cl\/index.php?rest_route=%2Fwp%2Fv2%2Fcategories&post=5550"},{"taxonomy":"post_tag","embeddable":true,"href":"https:\/\/tv.utalca.cl\/index.php?rest_route=%2Fwp%2Fv2%2Ftags&post=5550"}],"curies":[{"name":"wp","href":"https:\/\/api.w.org\/{rel}","templated":true}]}}