{"id":5576,"date":"2020-04-20T14:23:33","date_gmt":"2020-04-20T14:23:33","guid":{"rendered":"https:\/\/tv.utalca.cl\/?p=5576"},"modified":"2025-04-11T13:16:24","modified_gmt":"2025-04-11T17:16:24","slug":"como-se-viene-este-invierno-en-el-maule","status":"publish","type":"post","link":"https:\/\/tv.utalca.cl\/?p=5576","title":{"rendered":"\u00bfC\u00f3mo se viene este invierno en el Maule?"},"content":{"rendered":"<p>&#8220;Este invierno, desde el mes de mayo hasta agosto, cada mes va a presentar a lo menos 15 d\u00edas con fr\u00edo intenso, se refiere cuando el d\u00eda no sobrepasa los 10\u00baC&#8221;. Nos advierte Patricio Gonz\u00e1lez, agroclimat\u00f3logo Citra UTalca.<\/p>\n","protected":false},"excerpt":{"rendered":"<p>&#8220;Este invierno, desde el mes de mayo hasta agosto, cada mes va a presentar a lo menos 15 d\u00edas con fr\u00edo intenso, se refiere cuando el d\u00eda no sobrepasa los 10\u00baC&#8221;. Nos advierte Patricio Gonz\u00e1lez, agroclimat\u00f3logo Citra UTalca.<\/p>\n","protected":false},"author":1,"featured_media":5577,"comment_status":"closed","ping_status":"open","sticky":false,"template":"","format":"video","meta":{"om_disable_all_campaigns":false,"_monsterinsights_skip_tracking":false,"_monsterinsights_sitenote_active":false,"_monsterinsights_sitenote_note":"","_monsterinsights_sitenote_category":0,"footnotes":""},"categories":[1099,1326,1154,1334],"tags":[268,207,603,1267,1305,692,1525,604,70],"class_list":["post-5576","post","type-post","status-publish","format-video","has-post-thumbnail","hentry","category-comprometidos-con-la-comunidad","category-coronavirus","category-expertos-utalca","category-quedate-en-casa","tag-agroclimatologia","tag-citra","tag-clima","tag-coronavirus","tag-covid19","tag-invierno","tag-pronostico","tag-tiempo","tag-utalca","post_format-post-format-video","slider-tags-capsulas"],"aioseo_notices":[],"_links":{"self":[{"href":"https:\/\/tv.utalca.cl\/index.php?rest_route=\/wp\/v2\/posts\/5576","targetHints":{"allow":["GET"]}}],"collection":[{"href":"https:\/\/tv.utalca.cl\/index.php?rest_route=\/wp\/v2\/posts"}],"about":[{"href":"https:\/\/tv.utalca.cl\/index.php?rest_route=\/wp\/v2\/types\/post"}],"author":[{"embeddable":true,"href":"https:\/\/tv.utalca.cl\/index.php?rest_route=\/wp\/v2\/users\/1"}],"replies":[{"embeddable":true,"href":"https:\/\/tv.utalca.cl\/index.php?rest_route=%2Fwp%2Fv2%2Fcomments&post=5576"}],"version-history":[{"count":1,"href":"https:\/\/tv.utalca.cl\/index.php?rest_route=\/wp\/v2\/posts\/5576\/revisions"}],"predecessor-version":[{"id":5578,"href":"https:\/\/tv.utalca.cl\/index.php?rest_route=\/wp\/v2\/posts\/5576\/revisions\/5578"}],"wp:featuredmedia":[{"embeddable":true,"href":"https:\/\/tv.utalca.cl\/index.php?rest_route=\/wp\/v2\/media\/5577"}],"wp:attachment":[{"href":"https:\/\/tv.utalca.cl\/index.php?rest_route=%2Fwp%2Fv2%2Fmedia&parent=5576"}],"wp:term":[{"taxonomy":"category","embeddable":true,"href":"https:\/\/tv.utalca.cl\/index.php?rest_route=%2Fwp%2Fv2%2Fcategories&post=5576"},{"taxonomy":"post_tag","embeddable":true,"href":"https:\/\/tv.utalca.cl\/index.php?rest_route=%2Fwp%2Fv2%2Ftags&post=5576"}],"curies":[{"name":"wp","href":"https:\/\/api.w.org\/{rel}","templated":true}]}}