{"id":5580,"date":"2020-04-21T13:24:48","date_gmt":"2020-04-21T13:24:48","guid":{"rendered":"https:\/\/tv.utalca.cl\/?p=5580"},"modified":"2025-04-11T13:16:24","modified_gmt":"2025-04-11T17:16:24","slug":"aumento-de-violencia-domestica-contra-mujeres","status":"publish","type":"post","link":"https:\/\/tv.utalca.cl\/?p=5580","title":{"rendered":"Aumento de violencia dom\u00e9stica contra mujeres"},"content":{"rendered":"<p>\u00bfSab\u00edas que durante la cuarentena han aumentado las denuncias de violencia f\u00edsica contra mujeres en Chile?<br \/>\nLorena Castro, directora de G\u00e9nero UTalca\u00a0entrega recomendaciones en este contexto.<\/p>\n","protected":false},"excerpt":{"rendered":"<p>\u00bfSab\u00edas que durante la cuarentena han aumentado las denuncias de violencia f\u00edsica contra mujeres en Chile? Lorena Castro, directora de G\u00e9nero UTalca\u00a0entrega recomendaciones en este contexto.<\/p>\n","protected":false},"author":1,"featured_media":5581,"comment_status":"closed","ping_status":"open","sticky":false,"template":"","format":"video","meta":{"om_disable_all_campaigns":false,"_monsterinsights_skip_tracking":false,"_monsterinsights_sitenote_active":false,"_monsterinsights_sitenote_note":"","_monsterinsights_sitenote_category":0,"footnotes":""},"categories":[1099,1326,1154,1334],"tags":[1267,1305,1324,355,1006,70,787],"class_list":["post-5580","post","type-post","status-publish","format-video","has-post-thumbnail","hentry","category-comprometidos-con-la-comunidad","category-coronavirus","category-expertos-utalca","category-quedate-en-casa","tag-coronavirus","tag-covid19","tag-cuarentena","tag-genero","tag-igualdad-de-genero","tag-utalca","tag-violencia-de-genero","post_format-post-format-video","slider-tags-capsulas"],"aioseo_notices":[],"_links":{"self":[{"href":"https:\/\/tv.utalca.cl\/index.php?rest_route=\/wp\/v2\/posts\/5580","targetHints":{"allow":["GET"]}}],"collection":[{"href":"https:\/\/tv.utalca.cl\/index.php?rest_route=\/wp\/v2\/posts"}],"about":[{"href":"https:\/\/tv.utalca.cl\/index.php?rest_route=\/wp\/v2\/types\/post"}],"author":[{"embeddable":true,"href":"https:\/\/tv.utalca.cl\/index.php?rest_route=\/wp\/v2\/users\/1"}],"replies":[{"embeddable":true,"href":"https:\/\/tv.utalca.cl\/index.php?rest_route=%2Fwp%2Fv2%2Fcomments&post=5580"}],"version-history":[{"count":1,"href":"https:\/\/tv.utalca.cl\/index.php?rest_route=\/wp\/v2\/posts\/5580\/revisions"}],"predecessor-version":[{"id":5582,"href":"https:\/\/tv.utalca.cl\/index.php?rest_route=\/wp\/v2\/posts\/5580\/revisions\/5582"}],"wp:featuredmedia":[{"embeddable":true,"href":"https:\/\/tv.utalca.cl\/index.php?rest_route=\/wp\/v2\/media\/5581"}],"wp:attachment":[{"href":"https:\/\/tv.utalca.cl\/index.php?rest_route=%2Fwp%2Fv2%2Fmedia&parent=5580"}],"wp:term":[{"taxonomy":"category","embeddable":true,"href":"https:\/\/tv.utalca.cl\/index.php?rest_route=%2Fwp%2Fv2%2Fcategories&post=5580"},{"taxonomy":"post_tag","embeddable":true,"href":"https:\/\/tv.utalca.cl\/index.php?rest_route=%2Fwp%2Fv2%2Ftags&post=5580"}],"curies":[{"name":"wp","href":"https:\/\/api.w.org\/{rel}","templated":true}]}}