{"id":5591,"date":"2020-04-21T14:49:45","date_gmt":"2020-04-21T14:49:45","guid":{"rendered":"https:\/\/tv.utalca.cl\/?p=5591"},"modified":"2025-04-11T13:16:24","modified_gmt":"2025-04-11T17:16:24","slug":"hablemos-de-salud-enfermedades-respiratorias-y-covid19","status":"publish","type":"post","link":"https:\/\/tv.utalca.cl\/?p=5591","title":{"rendered":"Hablemos de Salud: Enfermedades respiratorias y Covid19"},"content":{"rendered":"<p>En el primer cap\u00edtulo de Hablemos de Salud conversamos sobre las enfermedades respiratorias y c\u00f3mo diferenciar el Covid-19. La periodista Daniela Cifuentes entrevista a M\u00f3nica Carrasco, coordinadora Especializaci\u00f3n en Medicina de Familia y Comunidad UTalca y a Gustavo Constenla, secretario general Escuela de Medicina de la Universidad de Talca.<\/p>\n","protected":false},"excerpt":{"rendered":"<p>En el primer cap\u00edtulo de Hablemos de Salud conversamos sobre las enfermedades respiratorias y c\u00f3mo diferenciar el Covid-19. La periodista Daniela Cifuentes entrevista a M\u00f3nica Carrasco, coordinadora Especializaci\u00f3n en Medicina de Familia y Comunidad UTalca y a Gustavo Constenla, secretario general Escuela de Medicina de la Universidad de Talca.<\/p>\n","protected":false},"author":1,"featured_media":5597,"comment_status":"closed","ping_status":"open","sticky":false,"template":"","format":"video","meta":{"om_disable_all_campaigns":false,"_monsterinsights_skip_tracking":false,"_monsterinsights_sitenote_active":false,"_monsterinsights_sitenote_note":"","_monsterinsights_sitenote_category":0,"footnotes":""},"categories":[1527,112],"tags":[1267,1305,1380,1529,828,1528,549,70],"class_list":["post-5591","post","type-post","status-publish","format-video","has-post-thumbnail","hentry","category-hablemos-de-salud","category-programa","tag-coronavirus","tag-covid19","tag-enfermedades-respiratorias","tag-gustavo-constel","tag-gustavo-constenla","tag-hablemos-de-salud","tag-monica-carrasco","tag-utalca","post_format-post-format-video","slider-tags-hablemos-de-salud"],"aioseo_notices":[],"_links":{"self":[{"href":"https:\/\/tv.utalca.cl\/index.php?rest_route=\/wp\/v2\/posts\/5591","targetHints":{"allow":["GET"]}}],"collection":[{"href":"https:\/\/tv.utalca.cl\/index.php?rest_route=\/wp\/v2\/posts"}],"about":[{"href":"https:\/\/tv.utalca.cl\/index.php?rest_route=\/wp\/v2\/types\/post"}],"author":[{"embeddable":true,"href":"https:\/\/tv.utalca.cl\/index.php?rest_route=\/wp\/v2\/users\/1"}],"replies":[{"embeddable":true,"href":"https:\/\/tv.utalca.cl\/index.php?rest_route=%2Fwp%2Fv2%2Fcomments&post=5591"}],"version-history":[{"count":1,"href":"https:\/\/tv.utalca.cl\/index.php?rest_route=\/wp\/v2\/posts\/5591\/revisions"}],"predecessor-version":[{"id":5593,"href":"https:\/\/tv.utalca.cl\/index.php?rest_route=\/wp\/v2\/posts\/5591\/revisions\/5593"}],"wp:featuredmedia":[{"embeddable":true,"href":"https:\/\/tv.utalca.cl\/index.php?rest_route=\/wp\/v2\/media\/5597"}],"wp:attachment":[{"href":"https:\/\/tv.utalca.cl\/index.php?rest_route=%2Fwp%2Fv2%2Fmedia&parent=5591"}],"wp:term":[{"taxonomy":"category","embeddable":true,"href":"https:\/\/tv.utalca.cl\/index.php?rest_route=%2Fwp%2Fv2%2Fcategories&post=5591"},{"taxonomy":"post_tag","embeddable":true,"href":"https:\/\/tv.utalca.cl\/index.php?rest_route=%2Fwp%2Fv2%2Ftags&post=5591"}],"curies":[{"name":"wp","href":"https:\/\/api.w.org\/{rel}","templated":true}]}}