{"id":5648,"date":"2020-04-23T14:12:52","date_gmt":"2020-04-23T14:12:52","guid":{"rendered":"https:\/\/tv.utalca.cl\/?p=5648"},"modified":"2025-04-11T13:16:25","modified_gmt":"2025-04-11T17:16:25","slug":"sede-laboral-problemas-practicos-que-ha-dejado-la-ley-de-proteccion-del-empleo","status":"publish","type":"post","link":"https:\/\/tv.utalca.cl\/?p=5648","title":{"rendered":"Sede Laboral: Problemas pr\u00e1cticos que ha dejado la ley de protecci\u00f3n del empleo"},"content":{"rendered":"<p>La presidenta de la Asociaci\u00f3n Gremial de Abogados Laboralistas de Chile, Carmen Espinoza aborda este tema y los desaf\u00edos que vienen para el Derecho del Trabajo.<\/p>\n","protected":false},"excerpt":{"rendered":"<p>La presidenta de la Asociaci\u00f3n Gremial de Abogados Laboralistas de Chile, Carmen Espinoza aborda este tema y los desaf\u00edos que vienen para el Derecho del Trabajo.<\/p>\n","protected":false},"author":1,"featured_media":5649,"comment_status":"closed","ping_status":"open","sticky":false,"template":"","format":"video","meta":{"om_disable_all_campaigns":false,"_monsterinsights_skip_tracking":false,"_monsterinsights_sitenote_active":false,"_monsterinsights_sitenote_note":"","_monsterinsights_sitenote_category":0,"footnotes":""},"categories":[112,1396],"tags":[1187,1305,1422,1533,1397,1496,70],"class_list":["post-5648","post","type-post","status-publish","format-video","has-post-thumbnail","hentry","category-programa","category-sede-laboral","tag-centrass","tag-covid19","tag-derecho-laboral","tag-laboralistas","tag-sede-laboral","tag-trabajadores","tag-utalca","post_format-post-format-video","slider-tags-sede-laboral"],"aioseo_notices":[],"_links":{"self":[{"href":"https:\/\/tv.utalca.cl\/index.php?rest_route=\/wp\/v2\/posts\/5648","targetHints":{"allow":["GET"]}}],"collection":[{"href":"https:\/\/tv.utalca.cl\/index.php?rest_route=\/wp\/v2\/posts"}],"about":[{"href":"https:\/\/tv.utalca.cl\/index.php?rest_route=\/wp\/v2\/types\/post"}],"author":[{"embeddable":true,"href":"https:\/\/tv.utalca.cl\/index.php?rest_route=\/wp\/v2\/users\/1"}],"replies":[{"embeddable":true,"href":"https:\/\/tv.utalca.cl\/index.php?rest_route=%2Fwp%2Fv2%2Fcomments&post=5648"}],"version-history":[{"count":1,"href":"https:\/\/tv.utalca.cl\/index.php?rest_route=\/wp\/v2\/posts\/5648\/revisions"}],"predecessor-version":[{"id":5650,"href":"https:\/\/tv.utalca.cl\/index.php?rest_route=\/wp\/v2\/posts\/5648\/revisions\/5650"}],"wp:featuredmedia":[{"embeddable":true,"href":"https:\/\/tv.utalca.cl\/index.php?rest_route=\/wp\/v2\/media\/5649"}],"wp:attachment":[{"href":"https:\/\/tv.utalca.cl\/index.php?rest_route=%2Fwp%2Fv2%2Fmedia&parent=5648"}],"wp:term":[{"taxonomy":"category","embeddable":true,"href":"https:\/\/tv.utalca.cl\/index.php?rest_route=%2Fwp%2Fv2%2Fcategories&post=5648"},{"taxonomy":"post_tag","embeddable":true,"href":"https:\/\/tv.utalca.cl\/index.php?rest_route=%2Fwp%2Fv2%2Ftags&post=5648"}],"curies":[{"name":"wp","href":"https:\/\/api.w.org\/{rel}","templated":true}]}}