{"id":5698,"date":"2020-04-27T20:24:34","date_gmt":"2020-04-27T20:24:34","guid":{"rendered":"https:\/\/tv.utalca.cl\/?p=5698"},"modified":"2025-04-11T13:16:26","modified_gmt":"2025-04-11T17:16:26","slug":"hablemos-de-salud-salud-bucal-durante-cuarentena-preventiva","status":"publish","type":"post","link":"https:\/\/tv.utalca.cl\/?p=5698","title":{"rendered":"Hablemos de Salud: Cuidado bucal durante cuarentena preventiva"},"content":{"rendered":"<p>En este cap\u00edtulo conversamos sobre c\u00f3mo prevenir el aumento de caries, urgencias odontol\u00f3gicas y teleodontolog\u00eda durante la cuarentena, junto a Soraya Le\u00f3n, directora mag\u00edster en Odontogeriatr\u00eda y Paula Pino, docente Depto. de Pediatr\u00eda Estomatol\u00f3gica Universidad de Talca.<\/p>\n","protected":false},"excerpt":{"rendered":"<p>En este cap\u00edtulo conversamos sobre c\u00f3mo prevenir el aumento de caries, urgencias odontol\u00f3gicas y teleodontolog\u00eda durante la cuarentena, junto a Soraya Le\u00f3n, directora mag\u00edster en Odontogeriatr\u00eda y Paula Pino, docente Depto. de Pediatr\u00eda Estomatol\u00f3gica Universidad de Talca.<\/p>\n","protected":false},"author":1,"featured_media":5699,"comment_status":"closed","ping_status":"open","sticky":false,"template":"","format":"video","meta":{"om_disable_all_campaigns":false,"_monsterinsights_skip_tracking":false,"_monsterinsights_sitenote_active":false,"_monsterinsights_sitenote_note":"","_monsterinsights_sitenote_category":0,"footnotes":""},"categories":[1527,112],"tags":[135,1528,232,1554,70],"class_list":["post-5698","post","type-post","status-publish","format-video","has-post-thumbnail","hentry","category-hablemos-de-salud","category-programa","tag-escuela-de-odontologia","tag-hablemos-de-salud","tag-odontologia","tag-teleodontologia","tag-utalca","post_format-post-format-video","slider-tags-hablemos-de-salud"],"aioseo_notices":[],"_links":{"self":[{"href":"https:\/\/tv.utalca.cl\/index.php?rest_route=\/wp\/v2\/posts\/5698","targetHints":{"allow":["GET"]}}],"collection":[{"href":"https:\/\/tv.utalca.cl\/index.php?rest_route=\/wp\/v2\/posts"}],"about":[{"href":"https:\/\/tv.utalca.cl\/index.php?rest_route=\/wp\/v2\/types\/post"}],"author":[{"embeddable":true,"href":"https:\/\/tv.utalca.cl\/index.php?rest_route=\/wp\/v2\/users\/1"}],"replies":[{"embeddable":true,"href":"https:\/\/tv.utalca.cl\/index.php?rest_route=%2Fwp%2Fv2%2Fcomments&post=5698"}],"version-history":[{"count":2,"href":"https:\/\/tv.utalca.cl\/index.php?rest_route=\/wp\/v2\/posts\/5698\/revisions"}],"predecessor-version":[{"id":5701,"href":"https:\/\/tv.utalca.cl\/index.php?rest_route=\/wp\/v2\/posts\/5698\/revisions\/5701"}],"wp:featuredmedia":[{"embeddable":true,"href":"https:\/\/tv.utalca.cl\/index.php?rest_route=\/wp\/v2\/media\/5699"}],"wp:attachment":[{"href":"https:\/\/tv.utalca.cl\/index.php?rest_route=%2Fwp%2Fv2%2Fmedia&parent=5698"}],"wp:term":[{"taxonomy":"category","embeddable":true,"href":"https:\/\/tv.utalca.cl\/index.php?rest_route=%2Fwp%2Fv2%2Fcategories&post=5698"},{"taxonomy":"post_tag","embeddable":true,"href":"https:\/\/tv.utalca.cl\/index.php?rest_route=%2Fwp%2Fv2%2Ftags&post=5698"}],"curies":[{"name":"wp","href":"https:\/\/api.w.org\/{rel}","templated":true}]}}