{"id":5724,"date":"2020-04-30T20:10:53","date_gmt":"2020-04-30T20:10:53","guid":{"rendered":"https:\/\/tv.utalca.cl\/?p=5724"},"modified":"2025-04-11T13:16:27","modified_gmt":"2025-04-11T17:16:27","slug":"medidasde-prohibicion-por-covid19","status":"publish","type":"post","link":"https:\/\/tv.utalca.cl\/?p=5724","title":{"rendered":"Medidas de prohibici\u00f3n por Covid19"},"content":{"rendered":"<p>Se viene un nuevo fin de semana largo, por lo que te recordamos algunas medidas de prohibici\u00f3n. Nos explica Daniel Jim\u00e9nez, mag\u00edster en Salud P\u00fablica con menci\u00f3n en Epidemiolog\u00eda.<\/p>\n","protected":false},"excerpt":{"rendered":"<p>Se viene un nuevo fin de semana largo, por lo que te recordamos algunas medidas de prohibici\u00f3n. Nos explica Daniel Jim\u00e9nez, mag\u00edster en Salud P\u00fablica con menci\u00f3n en Epidemiolog\u00eda.<\/p>\n","protected":false},"author":1,"featured_media":5725,"comment_status":"closed","ping_status":"open","sticky":false,"template":"","format":"video","meta":{"om_disable_all_campaigns":false,"_monsterinsights_skip_tracking":false,"_monsterinsights_sitenote_active":false,"_monsterinsights_sitenote_note":"","_monsterinsights_sitenote_category":0,"footnotes":""},"categories":[1099,1326,1154,1334],"tags":[1267,1305,1324,1564,1336,70],"class_list":["post-5724","post","type-post","status-publish","format-video","has-post-thumbnail","hentry","category-comprometidos-con-la-comunidad","category-coronavirus","category-expertos-utalca","category-quedate-en-casa","tag-coronavirus","tag-covid19","tag-cuarentena","tag-prohibiciones","tag-quedate-en-casa","tag-utalca","post_format-post-format-video","slider-tags-capsulas","slider-tags-slider"],"aioseo_notices":[],"_links":{"self":[{"href":"https:\/\/tv.utalca.cl\/index.php?rest_route=\/wp\/v2\/posts\/5724","targetHints":{"allow":["GET"]}}],"collection":[{"href":"https:\/\/tv.utalca.cl\/index.php?rest_route=\/wp\/v2\/posts"}],"about":[{"href":"https:\/\/tv.utalca.cl\/index.php?rest_route=\/wp\/v2\/types\/post"}],"author":[{"embeddable":true,"href":"https:\/\/tv.utalca.cl\/index.php?rest_route=\/wp\/v2\/users\/1"}],"replies":[{"embeddable":true,"href":"https:\/\/tv.utalca.cl\/index.php?rest_route=%2Fwp%2Fv2%2Fcomments&post=5724"}],"version-history":[{"count":2,"href":"https:\/\/tv.utalca.cl\/index.php?rest_route=\/wp\/v2\/posts\/5724\/revisions"}],"predecessor-version":[{"id":5727,"href":"https:\/\/tv.utalca.cl\/index.php?rest_route=\/wp\/v2\/posts\/5724\/revisions\/5727"}],"wp:featuredmedia":[{"embeddable":true,"href":"https:\/\/tv.utalca.cl\/index.php?rest_route=\/wp\/v2\/media\/5725"}],"wp:attachment":[{"href":"https:\/\/tv.utalca.cl\/index.php?rest_route=%2Fwp%2Fv2%2Fmedia&parent=5724"}],"wp:term":[{"taxonomy":"category","embeddable":true,"href":"https:\/\/tv.utalca.cl\/index.php?rest_route=%2Fwp%2Fv2%2Fcategories&post=5724"},{"taxonomy":"post_tag","embeddable":true,"href":"https:\/\/tv.utalca.cl\/index.php?rest_route=%2Fwp%2Fv2%2Ftags&post=5724"}],"curies":[{"name":"wp","href":"https:\/\/api.w.org\/{rel}","templated":true}]}}