{"id":5739,"date":"2020-05-04T13:29:09","date_gmt":"2020-05-04T13:29:09","guid":{"rendered":"https:\/\/tv.utalca.cl\/?p=5739"},"modified":"2025-04-11T13:16:27","modified_gmt":"2025-04-11T17:16:27","slug":"hablemos-de-salud-medidas-de-prevencion-para-los-adultos-mayores","status":"publish","type":"post","link":"https:\/\/tv.utalca.cl\/?p=5739","title":{"rendered":"Hablemos de Salud: Medidas de prevenci\u00f3n para los adultos mayores"},"content":{"rendered":"<p>En este cap\u00edtulo de Hablemos de Salud conversamos sobre los cuidados de este grupo etar\u00e9o con Sergio Wehinger, acad\u00e9micos Facultad de Ciencias de la Salud UTalca, adem\u00e1s hablamos sobre la salud mental de los mayores de 60 a\u00f1os con la psic\u00f3loga Carla Mendoza, acad\u00e9mica Facultad de Psicolog\u00eda UTalca.<\/p>\n","protected":false},"excerpt":{"rendered":"<p>En este cap\u00edtulo de Hablemos de Salud conversamos sobre los cuidados de este grupo etar\u00e9o con Sergio Wehinger, acad\u00e9micos Facultad de Ciencias de la Salud UTalca, adem\u00e1s hablamos sobre la salud mental de los mayores de 60 a\u00f1os con la psic\u00f3loga Carla Mendoza, acad\u00e9mica Facultad de Psicolog\u00eda UTalca.<\/p>\n","protected":false},"author":1,"featured_media":5740,"comment_status":"closed","ping_status":"open","sticky":false,"template":"","format":"video","meta":{"om_disable_all_campaigns":false,"_monsterinsights_skip_tracking":false,"_monsterinsights_sitenote_active":false,"_monsterinsights_sitenote_note":"","_monsterinsights_sitenote_category":0,"footnotes":""},"categories":[1527,112],"tags":[68,1267,1305,1217,1569,1528,1336,888],"class_list":["post-5739","post","type-post","status-publish","format-video","has-post-thumbnail","hentry","category-hablemos-de-salud","category-programa","tag-adultos-mayores","tag-coronavirus","tag-covid19","tag-cuidados","tag-grupo-de-riesgo","tag-hablemos-de-salud","tag-quedate-en-casa","tag-salud-mental","post_format-post-format-video","slider-tags-hablemos-de-salud","slider-tags-slider"],"aioseo_notices":[],"_links":{"self":[{"href":"https:\/\/tv.utalca.cl\/index.php?rest_route=\/wp\/v2\/posts\/5739","targetHints":{"allow":["GET"]}}],"collection":[{"href":"https:\/\/tv.utalca.cl\/index.php?rest_route=\/wp\/v2\/posts"}],"about":[{"href":"https:\/\/tv.utalca.cl\/index.php?rest_route=\/wp\/v2\/types\/post"}],"author":[{"embeddable":true,"href":"https:\/\/tv.utalca.cl\/index.php?rest_route=\/wp\/v2\/users\/1"}],"replies":[{"embeddable":true,"href":"https:\/\/tv.utalca.cl\/index.php?rest_route=%2Fwp%2Fv2%2Fcomments&post=5739"}],"version-history":[{"count":1,"href":"https:\/\/tv.utalca.cl\/index.php?rest_route=\/wp\/v2\/posts\/5739\/revisions"}],"predecessor-version":[{"id":5741,"href":"https:\/\/tv.utalca.cl\/index.php?rest_route=\/wp\/v2\/posts\/5739\/revisions\/5741"}],"wp:featuredmedia":[{"embeddable":true,"href":"https:\/\/tv.utalca.cl\/index.php?rest_route=\/wp\/v2\/media\/5740"}],"wp:attachment":[{"href":"https:\/\/tv.utalca.cl\/index.php?rest_route=%2Fwp%2Fv2%2Fmedia&parent=5739"}],"wp:term":[{"taxonomy":"category","embeddable":true,"href":"https:\/\/tv.utalca.cl\/index.php?rest_route=%2Fwp%2Fv2%2Fcategories&post=5739"},{"taxonomy":"post_tag","embeddable":true,"href":"https:\/\/tv.utalca.cl\/index.php?rest_route=%2Fwp%2Fv2%2Ftags&post=5739"}],"curies":[{"name":"wp","href":"https:\/\/api.w.org\/{rel}","templated":true}]}}