{"id":5749,"date":"2020-05-05T15:06:11","date_gmt":"2020-05-05T15:06:11","guid":{"rendered":"https:\/\/tv.utalca.cl\/?p=5749"},"modified":"2025-04-11T13:16:28","modified_gmt":"2025-04-11T17:16:28","slug":"hablemos-de-salud-covid-19-y-la-importancia-de-la-distancia-fisica","status":"publish","type":"post","link":"https:\/\/tv.utalca.cl\/?p=5749","title":{"rendered":"Hablemos de Salud: Covid-19 y la importancia de la distancia f\u00edsica"},"content":{"rendered":"<p>Aclaramos interrogantes sobre el Covid-19 y la importancia de la distancia f\u00edsica, junto a Erika Retamal, directora Departamento de Salud P\u00fablica UTalca y Nicol\u00e1s Ayala, acad\u00e9mico Salud P\u00fablica Universidad de Talca.<\/p>\n","protected":false},"excerpt":{"rendered":"<p>Aclaramos interrogantes sobre el Covid-19 y la importancia de la distancia f\u00edsica, junto a Erika Retamal, directora Departamento de Salud P\u00fablica UTalca y Nicol\u00e1s Ayala, acad\u00e9mico Salud P\u00fablica Universidad de Talca.<\/p>\n","protected":false},"author":1,"featured_media":5750,"comment_status":"closed","ping_status":"open","sticky":false,"template":"","format":"video","meta":{"om_disable_all_campaigns":false,"_monsterinsights_skip_tracking":false,"_monsterinsights_sitenote_active":false,"_monsterinsights_sitenote_note":"","_monsterinsights_sitenote_category":0,"footnotes":""},"categories":[1527,112],"tags":[1530,1267,1305,1324,322,1528,1336,56],"class_list":["post-5749","post","type-post","status-publish","format-video","has-post-thumbnail","hentry","category-hablemos-de-salud","category-programa","tag-aislamiento","tag-coronavirus","tag-covid19","tag-cuarentena","tag-departamento-de-salud-publica-utalca","tag-hablemos-de-salud","tag-quedate-en-casa","tag-salud","post_format-post-format-video","slider-tags-hablemos-de-salud"],"aioseo_notices":[],"_links":{"self":[{"href":"https:\/\/tv.utalca.cl\/index.php?rest_route=\/wp\/v2\/posts\/5749","targetHints":{"allow":["GET"]}}],"collection":[{"href":"https:\/\/tv.utalca.cl\/index.php?rest_route=\/wp\/v2\/posts"}],"about":[{"href":"https:\/\/tv.utalca.cl\/index.php?rest_route=\/wp\/v2\/types\/post"}],"author":[{"embeddable":true,"href":"https:\/\/tv.utalca.cl\/index.php?rest_route=\/wp\/v2\/users\/1"}],"replies":[{"embeddable":true,"href":"https:\/\/tv.utalca.cl\/index.php?rest_route=%2Fwp%2Fv2%2Fcomments&post=5749"}],"version-history":[{"count":1,"href":"https:\/\/tv.utalca.cl\/index.php?rest_route=\/wp\/v2\/posts\/5749\/revisions"}],"predecessor-version":[{"id":5751,"href":"https:\/\/tv.utalca.cl\/index.php?rest_route=\/wp\/v2\/posts\/5749\/revisions\/5751"}],"wp:featuredmedia":[{"embeddable":true,"href":"https:\/\/tv.utalca.cl\/index.php?rest_route=\/wp\/v2\/media\/5750"}],"wp:attachment":[{"href":"https:\/\/tv.utalca.cl\/index.php?rest_route=%2Fwp%2Fv2%2Fmedia&parent=5749"}],"wp:term":[{"taxonomy":"category","embeddable":true,"href":"https:\/\/tv.utalca.cl\/index.php?rest_route=%2Fwp%2Fv2%2Fcategories&post=5749"},{"taxonomy":"post_tag","embeddable":true,"href":"https:\/\/tv.utalca.cl\/index.php?rest_route=%2Fwp%2Fv2%2Ftags&post=5749"}],"curies":[{"name":"wp","href":"https:\/\/api.w.org\/{rel}","templated":true}]}}